{"id":975,"date":"2014-12-10T15:37:13","date_gmt":"2014-12-10T13:37:13","guid":{"rendered":"http:\/\/zeitzeugen-ludwigsburg-montbeliard.de\/?p=975"},"modified":"2016-12-23T14:34:31","modified_gmt":"2016-12-23T13:34:31","slug":"erster-grundschulaustausch","status":"publish","type":"post","link":"https:\/\/zeitzeugen-ludwigsburg-montbeliard.de\/fr\/erster-grundschulaustausch\/","title":{"rendered":"Les \u00e9changes entre \u00e9coles primaires"},"content":{"rendered":"<p>En 1993 <a href=\"http:\/\/ludwigsburg-montbeliard.bsz-bw.de\/jspview\/archive\/frei\/mobe-831\/0\/1993_004-OCR.html\" target=\"_blank\">le premier \u00e9change entre \u00e9coles primaires<\/a> eut lieu entre Montb\u00e9liard et Ludwigsburg.<br \/>\nLes \u00e9l\u00e8ves de l&rsquo;\u00e9cole Saint-Maimboeuf furent <a href=\"http:\/\/ludwigsburg-montbeliard.bsz-bw.de\/jspview\/archive\/frei\/dfi-269\/0\/grundschueler.html\" target=\"_blank\">invit\u00e9s en 1999 \u00e0 Ludwigsburg<\/a>. Apr\u00e8s une visite de la ville, les \u00e9l\u00e8ves allemands et fran\u00e7ais partirent ensemble une semaine en classe verte dans l&rsquo;Odenwald.<\/p>\n<p>Documents vers le contenu :<\/p>\n<p><a href=\"https:\/\/ludwigsburg-montbeliard.bsz-bw.de\/frontdoor\/index\/index\/docId\/39\" target=\"_blank\">\u00ab\u00a0Les Foss\u00e9s \u00e0 Ludwigsburg\u00a0\u00bb<\/a>. &#8211;\u00a0Le Pays, 1993. &#8211; Provenance : Archives municipales Montb\u00e9liard<\/p>\n<p><a href=\"https:\/\/ludwigsburg-montbeliard.bsz-bw.de\/frontdoor\/index\/index\/docId\/1258\" target=\"_blank\">\u00ab\u00a0Grundsch\u00fcler aus Montb\u00e9liard waren zu Gast in Ludwigsburg\u00a0\u00bb<\/a>. &#8211; Ludwigsburger Kreiszeitung, 1999. &#8211; Provenance : Deutsch- Franz\u00f6sisches Institut, Pressearchiv<\/p>","protected":false},"excerpt":{"rendered":"<p>En 1993 le premier \u00e9change entre \u00e9coles primaires eut lieu entre Montb\u00e9liard et Ludwigsburg. Les \u00e9l\u00e8ves de l&rsquo;\u00e9cole Saint-Maimboeuf furent invit\u00e9s en 1999 \u00e0 Ludwigsburg. Apr\u00e8s une visite de la ville, les \u00e9l\u00e8ves allemands et fran\u00e7ais partirent ensemble une semaine&#8230;<a class=\"more-link\" href=\"https:\/\/zeitzeugen-ludwigsburg-montbeliard.de\/fr\/erster-grundschulaustausch\/\">Mehr erfahren<\/a><\/p>\n","protected":false},"author":17,"featured_media":976,"comment_status":"open","ping_status":"open","sticky":false,"template":"","format":"standard","meta":[],"categories":[10],"tags":[],"_links":{"self":[{"href":"https:\/\/zeitzeugen-ludwigsburg-montbeliard.de\/fr\/wp-json\/wp\/v2\/posts\/975"}],"collection":[{"href":"https:\/\/zeitzeugen-ludwigsburg-montbeliard.de\/fr\/wp-json\/wp\/v2\/posts"}],"about":[{"href":"https:\/\/zeitzeugen-ludwigsburg-montbeliard.de\/fr\/wp-json\/wp\/v2\/types\/post"}],"author":[{"embeddable":true,"href":"https:\/\/zeitzeugen-ludwigsburg-montbeliard.de\/fr\/wp-json\/wp\/v2\/users\/17"}],"replies":[{"embeddable":true,"href":"https:\/\/zeitzeugen-ludwigsburg-montbeliard.de\/fr\/wp-json\/wp\/v2\/comments?post=975"}],"version-history":[{"count":15,"href":"https:\/\/zeitzeugen-ludwigsburg-montbeliard.de\/fr\/wp-json\/wp\/v2\/posts\/975\/revisions"}],"predecessor-version":[{"id":5637,"href":"https:\/\/zeitzeugen-ludwigsburg-montbeliard.de\/fr\/wp-json\/wp\/v2\/posts\/975\/revisions\/5637"}],"wp:featuredmedia":[{"embeddable":true,"href":"https:\/\/zeitzeugen-ludwigsburg-montbeliard.de\/fr\/wp-json\/wp\/v2\/media\/976"}],"wp:attachment":[{"href":"https:\/\/zeitzeugen-ludwigsburg-montbeliard.de\/fr\/wp-json\/wp\/v2\/media?parent=975"}],"wp:term":[{"taxonomy":"category","embeddable":true,"href":"https:\/\/zeitzeugen-ludwigsburg-montbeliard.de\/fr\/wp-json\/wp\/v2\/categories?post=975"},{"taxonomy":"post_tag","embeddable":true,"href":"https:\/\/zeitzeugen-ludwigsburg-montbeliard.de\/fr\/wp-json\/wp\/v2\/tags?post=975"}],"curies":[{"name":"wp","href":"https:\/\/api.w.org\/{rel}","templated":true}]}}