{"id":903,"date":"2014-12-09T19:12:26","date_gmt":"2014-12-09T17:12:26","guid":{"rendered":"http:\/\/zeitzeugen-ludwigsburg-montbeliard.de\/?p=903"},"modified":"2017-01-02T09:04:08","modified_gmt":"2017-01-02T08:04:08","slug":"pressebericht-zum-festwochenende","status":"publish","type":"post","link":"https:\/\/zeitzeugen-ludwigsburg-montbeliard.de\/fr\/pressebericht-zum-festwochenende\/","title":{"rendered":"\u00ab Rencontre toute en contrastes \u00bb"},"content":{"rendered":"<p>La Ludwigsburger Kreiszeitung \u00e9voqua en d\u00e9tail les manifestations qui s&rsquo;\u00e9taient d\u00e9roul\u00e9es \u00e0 Montbeliard \u00e0 l&rsquo;occasion du 60\u00e8me anniversaire du jumelage entre Montb\u00e9liard et Ludwigsburg. Un programme complet avait \u00e9t\u00e9 mis en place pour le week-end. \u00ab C&rsquo;est une rencontre toute en contrastes \u00bb, d\u00e9clara le directeur adjoint de l&rsquo;Institut Franco-Allemand de Ludwigsburg Henrik Uterwedde, pour r\u00e9sumer la rencontre.<\/p>\n<p>Retrouvez <a href=\"https:\/\/ludwigsburg-montbeliard.bsz-bw.de\/frontdoor\/index\/index\/docId\/318\" target=\"_blank\">ici<\/a> l&rsquo;article de presse en d\u00e9tail<\/p>\n<div>\n<dl id=\"attachment_2846\">\n<dt><a href=\"http:\/\/zeitzeugen-ludwigsburg-montbeliard.de\/wp-content\/uploads\/2014\/12\/60-j\u00e4hriges-Jubil\u00e4um-Presseartikel-3.jpg\" rel=\"prettyPhoto[903]\"><img decoding=\"async\" loading=\"lazy\" src=\"http:\/\/zeitzeugen-ludwigsburg-montbeliard.de\/wp-content\/uploads\/2014\/12\/60-j\u00e4hriges-Jubil\u00e4um-Presseartikel-3.jpg\" alt=\"60-j\u00e4hriges Jubil\u00e4um Presseartikel 3\" width=\"246\" height=\"199\" \/><\/a><\/dt>\n<dd>Pi\u00e8ce de Th\u00e9atre \u00ab Boule de Suif\u00a0\u00bb \u00bb<\/dd>\n<\/dl>\n<\/div>\n<p>Document vers le contenu :<\/p>\n<p><a href=\"https:\/\/ludwigsburg-montbeliard.bsz-bw.de\/frontdoor\/index\/index\/docId\/318\" target=\"_blank\">Zwischen Zukunft und Vergangenheit: \u00dcber 250 Ludwigsburger bei Partnerschaftsjubil\u00e4um in Montb\u00e9liard<\/a>. \u2013 Le journal du canton de Ludwigsburg, 11.05.2010. &#8211; Provenance: Deutsch-Franz\u00f6sisches Institut, Pressearchiv<\/p>","protected":false},"excerpt":{"rendered":"<p>La Ludwigsburger Kreiszeitung \u00e9voqua en d\u00e9tail les manifestations qui s&rsquo;\u00e9taient d\u00e9roul\u00e9es \u00e0 Montbeliard \u00e0 l&rsquo;occasion du 60\u00e8me anniversaire du jumelage entre Montb\u00e9liard et Ludwigsburg. Un programme complet avait \u00e9t\u00e9 mis en place pour le week-end. \u00ab C&rsquo;est une rencontre toute&#8230;<a class=\"more-link\" href=\"https:\/\/zeitzeugen-ludwigsburg-montbeliard.de\/fr\/pressebericht-zum-festwochenende\/\">Mehr erfahren<\/a><\/p>\n","protected":false},"author":8,"featured_media":2844,"comment_status":"open","ping_status":"open","sticky":false,"template":"","format":"standard","meta":[],"categories":[16],"tags":[],"_links":{"self":[{"href":"https:\/\/zeitzeugen-ludwigsburg-montbeliard.de\/fr\/wp-json\/wp\/v2\/posts\/903"}],"collection":[{"href":"https:\/\/zeitzeugen-ludwigsburg-montbeliard.de\/fr\/wp-json\/wp\/v2\/posts"}],"about":[{"href":"https:\/\/zeitzeugen-ludwigsburg-montbeliard.de\/fr\/wp-json\/wp\/v2\/types\/post"}],"author":[{"embeddable":true,"href":"https:\/\/zeitzeugen-ludwigsburg-montbeliard.de\/fr\/wp-json\/wp\/v2\/users\/8"}],"replies":[{"embeddable":true,"href":"https:\/\/zeitzeugen-ludwigsburg-montbeliard.de\/fr\/wp-json\/wp\/v2\/comments?post=903"}],"version-history":[{"count":29,"href":"https:\/\/zeitzeugen-ludwigsburg-montbeliard.de\/fr\/wp-json\/wp\/v2\/posts\/903\/revisions"}],"predecessor-version":[{"id":5666,"href":"https:\/\/zeitzeugen-ludwigsburg-montbeliard.de\/fr\/wp-json\/wp\/v2\/posts\/903\/revisions\/5666"}],"wp:featuredmedia":[{"embeddable":true,"href":"https:\/\/zeitzeugen-ludwigsburg-montbeliard.de\/fr\/wp-json\/wp\/v2\/media\/2844"}],"wp:attachment":[{"href":"https:\/\/zeitzeugen-ludwigsburg-montbeliard.de\/fr\/wp-json\/wp\/v2\/media?parent=903"}],"wp:term":[{"taxonomy":"category","embeddable":true,"href":"https:\/\/zeitzeugen-ludwigsburg-montbeliard.de\/fr\/wp-json\/wp\/v2\/categories?post=903"},{"taxonomy":"post_tag","embeddable":true,"href":"https:\/\/zeitzeugen-ludwigsburg-montbeliard.de\/fr\/wp-json\/wp\/v2\/tags?post=903"}],"curies":[{"name":"wp","href":"https:\/\/api.w.org\/{rel}","templated":true}]}}