{"id":885,"date":"2014-12-09T16:35:20","date_gmt":"2014-12-09T14:35:20","guid":{"rendered":"http:\/\/zeitzeugen-ludwigsburg-montbeliard.de\/?p=885"},"modified":"2017-01-02T09:01:09","modified_gmt":"2017-01-02T08:01:09","slug":"erinnerungen-an-das-60-partnerschaftsjubilaeum-von-jacques-helias","status":"publish","type":"post","link":"https:\/\/zeitzeugen-ludwigsburg-montbeliard.de\/fr\/erinnerungen-an-das-60-partnerschaftsjubilaeum-von-jacques-helias\/","title":{"rendered":"Souvenir des 60 ans du jumelage"},"content":{"rendered":"<p>En souvenir du 60\u00e8me anniversaire du jumelage entre Montb\u00e9liard et Ludwigsburg, un album photo fut \u00e9tabli en 2010, reprenant les \u00e9v\u00e9nements les plus splendides et les plus marquants. En marge de cet anniversaire eurent lieu <a href=\"http:\/\/zeitzeugen-ludwigsburg-montbeliard.de\/weinberg\/\">les premi\u00e8res vendanges de Montb\u00e9liard<\/a> et un stand fut organis\u00e9 pendant le march\u00e9 de No\u00ebl \u00e0 Montb\u00e9liard pour r\u00e9colter des dons pour le <a href=\"http:\/\/zeitzeugen-ludwigsburg-montbeliard.de\/category\/afrikaprojekt\/\">projet commun au Burkina Faso.<\/a><\/p>\n<p><a href=\"https:\/\/ludwigsburg-montbeliard.bsz-bw.de\/frontdoor\/index\/index\/docId\/347\" target=\"_blank\">Lien vers l&rsquo;album photo<\/a><\/p>\n<p>____<\/p>\n<p>Document vers le contenu :<\/p>\n<p><a href=\"https:\/\/ludwigsburg-montbeliard.bsz-bw.de\/frontdoor\/index\/index\/docId\/347\" target=\"_blank\">Album photos r\u00e9trospectif de l&rsquo;ann\u00e9e 2010<\/a>. &#8211; image, 2010. &#8211; \u00a0Provenance: Archiv \u00a0Montb\u00e9liard<a href=\"http:\/\/ludwigsburg-montbeliard.bsz-bw.de\/archive\/frei\/mobe-642\/0\/2010_002-OCR.pdf\" target=\"_blank\"><br \/>\n<\/a><\/p>","protected":false},"excerpt":{"rendered":"<p>En souvenir du 60\u00e8me anniversaire du jumelage entre Montb\u00e9liard et Ludwigsburg, un album photo fut \u00e9tabli en 2010, reprenant les \u00e9v\u00e9nements les plus splendides et les plus marquants. En marge de cet anniversaire eurent lieu les premi\u00e8res vendanges de Montb\u00e9liard&#8230;<a class=\"more-link\" href=\"https:\/\/zeitzeugen-ludwigsburg-montbeliard.de\/fr\/erinnerungen-an-das-60-partnerschaftsjubilaeum-von-jacques-helias\/\">Mehr erfahren<\/a><\/p>\n","protected":false},"author":8,"featured_media":886,"comment_status":"open","ping_status":"open","sticky":false,"template":"","format":"standard","meta":[],"categories":[16],"tags":[],"_links":{"self":[{"href":"https:\/\/zeitzeugen-ludwigsburg-montbeliard.de\/fr\/wp-json\/wp\/v2\/posts\/885"}],"collection":[{"href":"https:\/\/zeitzeugen-ludwigsburg-montbeliard.de\/fr\/wp-json\/wp\/v2\/posts"}],"about":[{"href":"https:\/\/zeitzeugen-ludwigsburg-montbeliard.de\/fr\/wp-json\/wp\/v2\/types\/post"}],"author":[{"embeddable":true,"href":"https:\/\/zeitzeugen-ludwigsburg-montbeliard.de\/fr\/wp-json\/wp\/v2\/users\/8"}],"replies":[{"embeddable":true,"href":"https:\/\/zeitzeugen-ludwigsburg-montbeliard.de\/fr\/wp-json\/wp\/v2\/comments?post=885"}],"version-history":[{"count":26,"href":"https:\/\/zeitzeugen-ludwigsburg-montbeliard.de\/fr\/wp-json\/wp\/v2\/posts\/885\/revisions"}],"predecessor-version":[{"id":5665,"href":"https:\/\/zeitzeugen-ludwigsburg-montbeliard.de\/fr\/wp-json\/wp\/v2\/posts\/885\/revisions\/5665"}],"wp:featuredmedia":[{"embeddable":true,"href":"https:\/\/zeitzeugen-ludwigsburg-montbeliard.de\/fr\/wp-json\/wp\/v2\/media\/886"}],"wp:attachment":[{"href":"https:\/\/zeitzeugen-ludwigsburg-montbeliard.de\/fr\/wp-json\/wp\/v2\/media?parent=885"}],"wp:term":[{"taxonomy":"category","embeddable":true,"href":"https:\/\/zeitzeugen-ludwigsburg-montbeliard.de\/fr\/wp-json\/wp\/v2\/categories?post=885"},{"taxonomy":"post_tag","embeddable":true,"href":"https:\/\/zeitzeugen-ludwigsburg-montbeliard.de\/fr\/wp-json\/wp\/v2\/tags?post=885"}],"curies":[{"name":"wp","href":"https:\/\/api.w.org\/{rel}","templated":true}]}}