{"id":789,"date":"2014-12-08T23:18:11","date_gmt":"2014-12-08T21:18:11","guid":{"rendered":"http:\/\/zeitzeugen-ludwigsburg-montbeliard.de\/?p=789"},"modified":"2016-12-22T15:27:12","modified_gmt":"2016-12-22T14:27:12","slug":"die-anfaenge-der-offiziellen-beziehungen","status":"publish","type":"post","link":"https:\/\/zeitzeugen-ludwigsburg-montbeliard.de\/fr\/die-anfaenge-der-offiziellen-beziehungen\/","title":{"rendered":"Les d\u00e9buts des relations officielles"},"content":{"rendered":"<p>Apr\u00e8s la conf\u00e9rence des maires \u00e0 Stuttgart, des rencontres officielles eurent lieu dans les deux villes durant l&rsquo;hiver 1950, dans le but de r\u00e9tablir les relations. De petites d\u00e9l\u00e9gations compos\u00e9es du maire, de personnalit\u00e9s et de repr\u00e9sentants de la ville, rendirent visite \u00e0 la ville jumel\u00e9e o\u00f9 elles furent accueillies chaleureusement.<\/p>\n<p>Les deux articles suivants \u00e9voquent la <strong>Visite de la d\u00e9l\u00e9gation fran\u00e7aise \u00e0 Ludwigbsurg<\/strong> : \u00ab\u00a0Das Verbindende allein soll man betonen &#8211; Die G\u00e4ste aus Montb\u00e9liard begr\u00fc\u00dfen alte Bekannte\u00a0\u00bb, Ludwigsburger Kreiszeitung, 23.09.1950. \u00ab\u00a0Die franz\u00f6sischen G\u00e4ste studieren Ludwigsburg. Gro\u00dfz\u00fcgiger Austausch im kommenden Jahr mit Montb\u00e9liard\u00a0\u00bb, Stuttgarter Zeitung, 23.09.1950. Un extrait de celui-ci :<\/p>\n<p><a href=\"http:\/\/zeitzeugen-ludwigsburg-montbeliard.de\/wp-content\/uploads\/2014\/12\/ausschnitt.png\" rel=\"prettyPhoto[789]\"><img decoding=\"async\" loading=\"lazy\" class=\"size-full wp-image-801 aligncenter\" src=\"http:\/\/zeitzeugen-ludwigsburg-montbeliard.de\/wp-content\/uploads\/2014\/12\/ausschnitt.png\" alt=\"ausschnitt\" width=\"376\" height=\"191\" \/><\/a><\/p>\n<p><strong>L&rsquo;article annon\u00e7ant la visite en retour des invit\u00e9s allemands \u00e0 Montb\u00e9liard <\/strong>: \u201eLe Maire et une d\u00e9l\u00e9gation de Ludwigsburg (Wurtemberg) seront re\u00e7us \u00e0 Montb\u00e9liard\u00a0\u00bb<\/p>\n<p>\u00c0 c\u00f4t\u00e9 de ces relations officielles, de nombreux <a title=\"Organisation und Durchf\u00fchrung von Austauschprogrammen\" href=\"http:\/\/zeitzeugen-ludwigsburg-montbeliard.de\/organisation-und-durchfuehrung-von-austauschprogrammen\/\" target=\"_blank\">programmes d&rsquo;\u00e9change<\/a> furent organis\u00e9s en m\u00eame temps destin\u00e9s aux \u00e9l\u00e8ves, \u00e9tudiants, employ\u00e9s, sportifs, musiciens etc&#8230; Ils offraient aux habitants des deux villes la possibilit\u00e9 de se rencontrer.<\/p>\n<p>De 1951 \u00e0 1957, il n&rsquo;y eut pas de visite de d\u00e9l\u00e9gations officielles. Dans un dossier de l&rsquo;administration municipale de Ludwigsburg de 1957 l&rsquo;on peut lire :<strong><em> \u00ab\u00a0Le jumelage s&rsquo;est apparemment endormi\u201c<\/em><\/strong>. Extrait de : \u00a0Schmierer, Wolfgang: Die St\u00e4dtepartnerschaft zwischen M\u00f6mpelgard und Ludwigsburg nach dem 2. Weltkrieg, S. 460.<\/p>\n<p>Pendant le mandat du maire Jean-Pierre Tuefferd et de monsieur Frank, les contacts existants se ranim\u00e8rent avec les visites officielles mutuelles entre d\u00e9l\u00e9gations \u00e0 partir de 1958.<\/p>\n<p>_____<\/p>\n<p>Documents vers le contenu :<\/p>\n<ul>\n<li><a href=\"https:\/\/ludwigsburg-montbeliard.bsz-bw.de\/frontdoor\/index\/index\/docId\/280\" target=\"_blank\">Das Verbindende allein soll man betonen : Die G\u00e4ste aus Montb\u00e9liard begr\u00fc\u00dfen alte Bekannte.<\/a> &#8211; \u00a0Ludwigsburger Kreiszeitung. \u2013 23.09. 1950. &#8211; Provenance : Deutsch-Franz\u00f6sisches Institut, Pressearchiv<\/li>\n<li><a href=\"https:\/\/ludwigsburg-montbeliard.bsz-bw.de\/frontdoor\/index\/index\/docId\/464\" target=\"_blank\">Die franz\u00f6sischen G\u00e4ste studieren Ludwigsburg : Gro\u00dfz\u00fcgiger Austausch im kommenden Jahr mit Montb\u00e9liard.<\/a> \u2013 Stuttgarter Zeitung, Nr. 222. &#8211; 23.09.1950. &#8211; Provenance : Stadtarchiv Ludwigsburg<\/li>\n<li><a href=\"https:\/\/ludwigsburg-montbeliard.bsz-bw.de\/frontdoor\/index\/index\/docId\/678\" target=\"_blank\">Le Maire et une d\u00e9l\u00e9gation de Ludwigsburg (Wurtemberg) seront re\u00e7us \u00e0 Montb\u00e9liard.<\/a> &#8211; Provenance : Archives Montb\u00e9liard<\/li>\n<\/ul>\n<p><\/p>","protected":false},"excerpt":{"rendered":"<p>Apr\u00e8s la conf\u00e9rence des maires \u00e0 Stuttgart, des rencontres officielles eurent lieu dans les deux villes durant l&rsquo;hiver 1950, dans le but de r\u00e9tablir les relations. De petites d\u00e9l\u00e9gations compos\u00e9es du maire, de personnalit\u00e9s et de repr\u00e9sentants de la ville,&#8230;<a class=\"more-link\" href=\"https:\/\/zeitzeugen-ludwigsburg-montbeliard.de\/fr\/die-anfaenge-der-offiziellen-beziehungen\/\">Mehr erfahren<\/a><\/p>\n","protected":false},"author":16,"featured_media":797,"comment_status":"open","ping_status":"open","sticky":false,"template":"","format":"standard","meta":[],"categories":[16],"tags":[],"_links":{"self":[{"href":"https:\/\/zeitzeugen-ludwigsburg-montbeliard.de\/fr\/wp-json\/wp\/v2\/posts\/789"}],"collection":[{"href":"https:\/\/zeitzeugen-ludwigsburg-montbeliard.de\/fr\/wp-json\/wp\/v2\/posts"}],"about":[{"href":"https:\/\/zeitzeugen-ludwigsburg-montbeliard.de\/fr\/wp-json\/wp\/v2\/types\/post"}],"author":[{"embeddable":true,"href":"https:\/\/zeitzeugen-ludwigsburg-montbeliard.de\/fr\/wp-json\/wp\/v2\/users\/16"}],"replies":[{"embeddable":true,"href":"https:\/\/zeitzeugen-ludwigsburg-montbeliard.de\/fr\/wp-json\/wp\/v2\/comments?post=789"}],"version-history":[{"count":47,"href":"https:\/\/zeitzeugen-ludwigsburg-montbeliard.de\/fr\/wp-json\/wp\/v2\/posts\/789\/revisions"}],"predecessor-version":[{"id":5519,"href":"https:\/\/zeitzeugen-ludwigsburg-montbeliard.de\/fr\/wp-json\/wp\/v2\/posts\/789\/revisions\/5519"}],"wp:featuredmedia":[{"embeddable":true,"href":"https:\/\/zeitzeugen-ludwigsburg-montbeliard.de\/fr\/wp-json\/wp\/v2\/media\/797"}],"wp:attachment":[{"href":"https:\/\/zeitzeugen-ludwigsburg-montbeliard.de\/fr\/wp-json\/wp\/v2\/media?parent=789"}],"wp:term":[{"taxonomy":"category","embeddable":true,"href":"https:\/\/zeitzeugen-ludwigsburg-montbeliard.de\/fr\/wp-json\/wp\/v2\/categories?post=789"},{"taxonomy":"post_tag","embeddable":true,"href":"https:\/\/zeitzeugen-ludwigsburg-montbeliard.de\/fr\/wp-json\/wp\/v2\/tags?post=789"}],"curies":[{"name":"wp","href":"https:\/\/api.w.org\/{rel}","templated":true}]}}