{"id":772,"date":"2014-12-08T23:21:47","date_gmt":"2014-12-08T21:21:47","guid":{"rendered":"http:\/\/zeitzeugen-ludwigsburg-montbeliard.de\/?p=772"},"modified":"2015-11-27T11:48:19","modified_gmt":"2015-11-27T10:48:19","slug":"voisin-zum-besonderen-stellenwert-der-partnerschaft","status":"publish","type":"post","link":"https:\/\/zeitzeugen-ludwigsburg-montbeliard.de\/fr\/voisin-zum-besonderen-stellenwert-der-partnerschaft\/","title":{"rendered":"Jean-Claude Voisin s&rsquo;exprime sur l&rsquo;importance particuli\u00e8re du jumelage"},"content":{"rendered":"<p>Le jumelage des villes de Ludwigsburg et Montb\u00e9liard est d&rsquo;une grande importance car il est le premier \u00e0 avoir \u00e9t\u00e9 cr\u00e9\u00e9 apr\u00e8s la guerre, et est de ce fait le plus ancien entre villes allemandes et fran\u00e7aises. Il a pr\u00e9c\u00e9d\u00e9 d&rsquo;autres jumelages et jou\u00e9 un r\u00f4le pr\u00e9curseur.<\/p>\n<p>Vous trouverez la vid\u00e9o sans sous-titres \u00e0 la fin de cette page.<\/p>","protected":false},"excerpt":{"rendered":"<p>Le jumelage des villes de Ludwigsburg et Montb\u00e9liard est d&rsquo;une grande importance car il est le premier \u00e0 avoir \u00e9t\u00e9 cr\u00e9\u00e9 apr\u00e8s la guerre, et est de ce fait le plus ancien entre villes allemandes et fran\u00e7aises. Il a pr\u00e9c\u00e9d\u00e9&#8230;<a class=\"more-link\" href=\"https:\/\/zeitzeugen-ludwigsburg-montbeliard.de\/fr\/voisin-zum-besonderen-stellenwert-der-partnerschaft\/\">Mehr erfahren<\/a><\/p>\n","protected":false},"author":16,"featured_media":771,"comment_status":"open","ping_status":"open","sticky":false,"template":"","format":"standard","meta":[],"categories":[16],"tags":[],"_links":{"self":[{"href":"https:\/\/zeitzeugen-ludwigsburg-montbeliard.de\/fr\/wp-json\/wp\/v2\/posts\/772"}],"collection":[{"href":"https:\/\/zeitzeugen-ludwigsburg-montbeliard.de\/fr\/wp-json\/wp\/v2\/posts"}],"about":[{"href":"https:\/\/zeitzeugen-ludwigsburg-montbeliard.de\/fr\/wp-json\/wp\/v2\/types\/post"}],"author":[{"embeddable":true,"href":"https:\/\/zeitzeugen-ludwigsburg-montbeliard.de\/fr\/wp-json\/wp\/v2\/users\/16"}],"replies":[{"embeddable":true,"href":"https:\/\/zeitzeugen-ludwigsburg-montbeliard.de\/fr\/wp-json\/wp\/v2\/comments?post=772"}],"version-history":[{"count":13,"href":"https:\/\/zeitzeugen-ludwigsburg-montbeliard.de\/fr\/wp-json\/wp\/v2\/posts\/772\/revisions"}],"predecessor-version":[{"id":5479,"href":"https:\/\/zeitzeugen-ludwigsburg-montbeliard.de\/fr\/wp-json\/wp\/v2\/posts\/772\/revisions\/5479"}],"wp:featuredmedia":[{"embeddable":true,"href":"https:\/\/zeitzeugen-ludwigsburg-montbeliard.de\/fr\/wp-json\/wp\/v2\/media\/771"}],"wp:attachment":[{"href":"https:\/\/zeitzeugen-ludwigsburg-montbeliard.de\/fr\/wp-json\/wp\/v2\/media?parent=772"}],"wp:term":[{"taxonomy":"category","embeddable":true,"href":"https:\/\/zeitzeugen-ludwigsburg-montbeliard.de\/fr\/wp-json\/wp\/v2\/categories?post=772"},{"taxonomy":"post_tag","embeddable":true,"href":"https:\/\/zeitzeugen-ludwigsburg-montbeliard.de\/fr\/wp-json\/wp\/v2\/tags?post=772"}],"curies":[{"name":"wp","href":"https:\/\/api.w.org\/{rel}","templated":true}]}}