{"id":761,"date":"2014-12-08T18:56:10","date_gmt":"2014-12-08T16:56:10","guid":{"rendered":"http:\/\/zeitzeugen-ludwigsburg-montbeliard.de\/?p=761"},"modified":"2015-08-24T22:47:50","modified_gmt":"2015-08-24T20:47:50","slug":"benennung-der-moempelgarder-strasse","status":"publish","type":"post","link":"https:\/\/zeitzeugen-ludwigsburg-montbeliard.de\/fr\/benennung-der-moempelgarder-strasse\/","title":{"rendered":"Bapt\u00eame de la \u00ab\u00a0M\u00f6mpelgarder Stra\u00dfe\u00a0\u00bb"},"content":{"rendered":"<p>En signe de son amiti\u00e9 avec la ville fran\u00e7aise de Montb\u00e9liard, le Conseil municipal de Ludwigsburg d\u00e9cida en 1958 de renommer la rue \u201cHintere Schlo\u00dfstra\u00dfe\u201d, qui s\u2019appella d\u00e9sormais \u201cM\u00f6mpelgarder Stra\u00dfe\u201d. On peut voir une photographie de la rue \u00e0 cette \u00e9poque.<\/p>\n<p>_____<\/p>\n<p>Document vers le contenu : <a href=\"http:\/\/ludwigsburg-montbeliard.bsz-bw.de\/mobe-662.html\" target=\"_blank\">Die M\u00f6mpelgarder Stra\u00dfe in Ludwigsburg<\/a>. &#8211; Photo du photographe R\u00f6ckle, 1958. &#8211; Provenance : Archives Montb\u00e9liard<\/p>","protected":false},"excerpt":{"rendered":"<p>En signe de son amiti\u00e9 avec la ville fran\u00e7aise de Montb\u00e9liard, le Conseil municipal de Ludwigsburg d\u00e9cida en 1958 de renommer la rue \u201cHintere Schlo\u00dfstra\u00dfe\u201d, qui s\u2019appella d\u00e9sormais \u201cM\u00f6mpelgarder Stra\u00dfe\u201d. On peut voir une photographie de la rue \u00e0 cette&#8230;<a class=\"more-link\" href=\"https:\/\/zeitzeugen-ludwigsburg-montbeliard.de\/fr\/benennung-der-moempelgarder-strasse\/\">Mehr erfahren<\/a><\/p>\n","protected":false},"author":3,"featured_media":762,"comment_status":"open","ping_status":"open","sticky":false,"template":"","format":"standard","meta":[],"categories":[16],"tags":[],"_links":{"self":[{"href":"https:\/\/zeitzeugen-ludwigsburg-montbeliard.de\/fr\/wp-json\/wp\/v2\/posts\/761"}],"collection":[{"href":"https:\/\/zeitzeugen-ludwigsburg-montbeliard.de\/fr\/wp-json\/wp\/v2\/posts"}],"about":[{"href":"https:\/\/zeitzeugen-ludwigsburg-montbeliard.de\/fr\/wp-json\/wp\/v2\/types\/post"}],"author":[{"embeddable":true,"href":"https:\/\/zeitzeugen-ludwigsburg-montbeliard.de\/fr\/wp-json\/wp\/v2\/users\/3"}],"replies":[{"embeddable":true,"href":"https:\/\/zeitzeugen-ludwigsburg-montbeliard.de\/fr\/wp-json\/wp\/v2\/comments?post=761"}],"version-history":[{"count":15,"href":"https:\/\/zeitzeugen-ludwigsburg-montbeliard.de\/fr\/wp-json\/wp\/v2\/posts\/761\/revisions"}],"predecessor-version":[{"id":5114,"href":"https:\/\/zeitzeugen-ludwigsburg-montbeliard.de\/fr\/wp-json\/wp\/v2\/posts\/761\/revisions\/5114"}],"wp:featuredmedia":[{"embeddable":true,"href":"https:\/\/zeitzeugen-ludwigsburg-montbeliard.de\/fr\/wp-json\/wp\/v2\/media\/762"}],"wp:attachment":[{"href":"https:\/\/zeitzeugen-ludwigsburg-montbeliard.de\/fr\/wp-json\/wp\/v2\/media?parent=761"}],"wp:term":[{"taxonomy":"category","embeddable":true,"href":"https:\/\/zeitzeugen-ludwigsburg-montbeliard.de\/fr\/wp-json\/wp\/v2\/categories?post=761"},{"taxonomy":"post_tag","embeddable":true,"href":"https:\/\/zeitzeugen-ludwigsburg-montbeliard.de\/fr\/wp-json\/wp\/v2\/tags?post=761"}],"curies":[{"name":"wp","href":"https:\/\/api.w.org\/{rel}","templated":true}]}}