{"id":694,"date":"2014-12-07T20:50:24","date_gmt":"2014-12-07T18:50:24","guid":{"rendered":"http:\/\/zeitzeugen-ludwigsburg-montbeliard.de\/?p=694"},"modified":"2016-12-23T15:19:34","modified_gmt":"2016-12-23T14:19:34","slug":"anlage-zu-afrikaprojekt-der-partnerstaedte-ludwigsburg-und-montbeliard","status":"publish","type":"post","link":"https:\/\/zeitzeugen-ludwigsburg-montbeliard.de\/fr\/anlage-zu-afrikaprojekt-der-partnerstaedte-ludwigsburg-und-montbeliard\/","title":{"rendered":"Pr\u00e9sentation du projet pour l&rsquo;Afrique des villes jumel\u00e9es"},"content":{"rendered":"<p>Dans une pr\u00e9sentation aux \u00ab Secteurs \u00e9conomie, m\u00e9dias et tourisme \u00bb et au conseil municipal de Ludwigsburg, la municipalit\u00e9 promeut la tol\u00e9rance, l&rsquo;avenir et le financement du projet pour l&rsquo;Afrique d\u00e9velopp\u00e9 par les villes jumel\u00e9es Ludwigsburg et Montb\u00e9liard.<\/p>\n<p>On y lit :<\/p>\n<p>\u00ab Celui qui aujourd&rsquo;hui se penche sur la question du vivre ensemble dans la paix au niveau national et europ\u00e9en et dans une perspective \u00e0 moyen et \u00e0 long terme, verra clairement, qu&rsquo;\u00e0 c\u00f4t\u00e9 de la question d&rsquo;\u00e9viter les conflits interreligieux et fondamentalistes, le flux migratoire en provenance d&rsquo;Afrique vers l&rsquo;Europe d\u00e9bordera si l&rsquo;Europe et le reste du monde ne contribuent pas au d\u00e9veloppement du continent africain.\u00bb<\/p>\n<p>et plus loin :<\/p>\n<p>\u00ab Nous regrettons extr\u00eamement que le conseil municipal n&rsquo;ait pas pu \u00eatre inform\u00e9 \u00e0 temps \u00e0 cause des raisons expos\u00e9es, mais un refus de la part du conseil municipal concernant ce projet aurait un effet catastrophique \u00e0 l&rsquo;\u00e9gard des villes partenaires et de la politique f\u00e9d\u00e9rale.\u00bb<\/p>\n<p>_____<\/p>\n<p>Document vers le contenu : <a href=\"https:\/\/ludwigsburg-montbeliard.bsz-bw.de\/frontdoor\/index\/index\/docId\/231\" target=\"_blank\">Mitteilungsvorlage zu Afrikaprojekt der Partnerst\u00e4dte Ludwigsburg und Montb\u00e9liard. <\/a>Offizielles Dokument. Provenance : Stadtarchiv Ludwigsburg.<\/p>","protected":false},"excerpt":{"rendered":"<p>Dans une pr\u00e9sentation aux \u00ab Secteurs \u00e9conomie, m\u00e9dias et tourisme \u00bb et au conseil municipal de Ludwigsburg, la municipalit\u00e9 promeut la tol\u00e9rance, l&rsquo;avenir et le financement du projet pour l&rsquo;Afrique d\u00e9velopp\u00e9 par les villes jumel\u00e9es Ludwigsburg et Montb\u00e9liard. On y&#8230;<a class=\"more-link\" href=\"https:\/\/zeitzeugen-ludwigsburg-montbeliard.de\/fr\/anlage-zu-afrikaprojekt-der-partnerstaedte-ludwigsburg-und-montbeliard\/\">Mehr erfahren<\/a><\/p>\n","protected":false},"author":18,"featured_media":4054,"comment_status":"open","ping_status":"open","sticky":false,"template":"","format":"standard","meta":[],"categories":[13],"tags":[],"_links":{"self":[{"href":"https:\/\/zeitzeugen-ludwigsburg-montbeliard.de\/fr\/wp-json\/wp\/v2\/posts\/694"}],"collection":[{"href":"https:\/\/zeitzeugen-ludwigsburg-montbeliard.de\/fr\/wp-json\/wp\/v2\/posts"}],"about":[{"href":"https:\/\/zeitzeugen-ludwigsburg-montbeliard.de\/fr\/wp-json\/wp\/v2\/types\/post"}],"author":[{"embeddable":true,"href":"https:\/\/zeitzeugen-ludwigsburg-montbeliard.de\/fr\/wp-json\/wp\/v2\/users\/18"}],"replies":[{"embeddable":true,"href":"https:\/\/zeitzeugen-ludwigsburg-montbeliard.de\/fr\/wp-json\/wp\/v2\/comments?post=694"}],"version-history":[{"count":20,"href":"https:\/\/zeitzeugen-ludwigsburg-montbeliard.de\/fr\/wp-json\/wp\/v2\/posts\/694\/revisions"}],"predecessor-version":[{"id":5650,"href":"https:\/\/zeitzeugen-ludwigsburg-montbeliard.de\/fr\/wp-json\/wp\/v2\/posts\/694\/revisions\/5650"}],"wp:featuredmedia":[{"embeddable":true,"href":"https:\/\/zeitzeugen-ludwigsburg-montbeliard.de\/fr\/wp-json\/wp\/v2\/media\/4054"}],"wp:attachment":[{"href":"https:\/\/zeitzeugen-ludwigsburg-montbeliard.de\/fr\/wp-json\/wp\/v2\/media?parent=694"}],"wp:term":[{"taxonomy":"category","embeddable":true,"href":"https:\/\/zeitzeugen-ludwigsburg-montbeliard.de\/fr\/wp-json\/wp\/v2\/categories?post=694"},{"taxonomy":"post_tag","embeddable":true,"href":"https:\/\/zeitzeugen-ludwigsburg-montbeliard.de\/fr\/wp-json\/wp\/v2\/tags?post=694"}],"curies":[{"name":"wp","href":"https:\/\/api.w.org\/{rel}","templated":true}]}}