{"id":598,"date":"2014-12-05T16:30:59","date_gmt":"2014-12-05T14:30:59","guid":{"rendered":"http:\/\/zeitzeugen-ludwigsburg-montbeliard.de\/?p=598"},"modified":"2015-11-18T14:46:03","modified_gmt":"2015-11-18T13:46:03","slug":"louis-souvet-ueber-das-afrikaprojekt","status":"publish","type":"post","link":"https:\/\/zeitzeugen-ludwigsburg-montbeliard.de\/fr\/louis-souvet-ueber-das-afrikaprojekt\/","title":{"rendered":"\u00ab C&rsquo;est de notori\u00e9t\u00e9 publique que ces pays ont besoin d&rsquo;aide.\u00bb"},"content":{"rendered":"<p><a title=\"Louis Souvet\" href=\"http:\/\/zeitzeugen-ludwigsburg-montbeliard.de\/zeitzeuge\/louis-souvet\/\">Louis Souvet<\/a> s&rsquo;exprime sur la d\u00e9claration pour l&rsquo;Afrique d\u00e9cid\u00e9e pendant son mandat :<\/p>\n<p><strong><em>\u00ab Je crois que quand on dit que c&rsquo;est un symbole fort humanitaire, il me semble qu&rsquo;il n&rsquo;y a pas besoin d&rsquo;autre explication. La marque de l&rsquo;humanit\u00e9, l&rsquo;entraide entre les peuples, r\u00e9side dans le fait de vouloir jumeler des communes et d&rsquo;aider les pays qui en ont besoin, et c&rsquo;est de notori\u00e9t\u00e9 publique que ces pays en ont besoin. \u00bb<\/em><\/strong><\/p>\n<p>Vous pouvez regarder l&rsquo;int\u00e9gralit\u00e9 de l&rsquo;entretien avec Louis Souvet <a href=\"http:\/\/zeitzeugen-ludwigsburg-montbeliard.de\/zeitzeuge\/louis-souvet\/\">avec sous titres<\/a> ou <a href=\"http:\/\/zeitzeugen-ludwigsburg-montbeliard.de\/louis-souvet-ohne-untertitel\/\">sans sous-titres<\/a>.<\/p>","protected":false},"excerpt":{"rendered":"<p>Louis Souvet s&rsquo;exprime sur la d\u00e9claration pour l&rsquo;Afrique d\u00e9cid\u00e9e pendant son mandat : \u00ab Je crois que quand on dit que c&rsquo;est un symbole fort humanitaire, il me semble qu&rsquo;il n&rsquo;y a pas besoin d&rsquo;autre explication. La marque de l&rsquo;humanit\u00e9,&#8230;<a class=\"more-link\" href=\"https:\/\/zeitzeugen-ludwigsburg-montbeliard.de\/fr\/louis-souvet-ueber-das-afrikaprojekt\/\">Mehr erfahren<\/a><\/p>\n","protected":false},"author":18,"featured_media":4067,"comment_status":"open","ping_status":"open","sticky":false,"template":"","format":"standard","meta":[],"categories":[13],"tags":[],"_links":{"self":[{"href":"https:\/\/zeitzeugen-ludwigsburg-montbeliard.de\/fr\/wp-json\/wp\/v2\/posts\/598"}],"collection":[{"href":"https:\/\/zeitzeugen-ludwigsburg-montbeliard.de\/fr\/wp-json\/wp\/v2\/posts"}],"about":[{"href":"https:\/\/zeitzeugen-ludwigsburg-montbeliard.de\/fr\/wp-json\/wp\/v2\/types\/post"}],"author":[{"embeddable":true,"href":"https:\/\/zeitzeugen-ludwigsburg-montbeliard.de\/fr\/wp-json\/wp\/v2\/users\/18"}],"replies":[{"embeddable":true,"href":"https:\/\/zeitzeugen-ludwigsburg-montbeliard.de\/fr\/wp-json\/wp\/v2\/comments?post=598"}],"version-history":[{"count":21,"href":"https:\/\/zeitzeugen-ludwigsburg-montbeliard.de\/fr\/wp-json\/wp\/v2\/posts\/598\/revisions"}],"predecessor-version":[{"id":5439,"href":"https:\/\/zeitzeugen-ludwigsburg-montbeliard.de\/fr\/wp-json\/wp\/v2\/posts\/598\/revisions\/5439"}],"wp:featuredmedia":[{"embeddable":true,"href":"https:\/\/zeitzeugen-ludwigsburg-montbeliard.de\/fr\/wp-json\/wp\/v2\/media\/4067"}],"wp:attachment":[{"href":"https:\/\/zeitzeugen-ludwigsburg-montbeliard.de\/fr\/wp-json\/wp\/v2\/media?parent=598"}],"wp:term":[{"taxonomy":"category","embeddable":true,"href":"https:\/\/zeitzeugen-ludwigsburg-montbeliard.de\/fr\/wp-json\/wp\/v2\/categories?post=598"},{"taxonomy":"post_tag","embeddable":true,"href":"https:\/\/zeitzeugen-ludwigsburg-montbeliard.de\/fr\/wp-json\/wp\/v2\/tags?post=598"}],"curies":[{"name":"wp","href":"https:\/\/api.w.org\/{rel}","templated":true}]}}