{"id":563,"date":"2014-12-05T02:12:38","date_gmt":"2014-12-05T00:12:38","guid":{"rendered":"http:\/\/zeitzeugen-ludwigsburg-montbeliard.de\/?p=563"},"modified":"2016-12-23T11:44:22","modified_gmt":"2016-12-23T10:44:22","slug":"gastarbeiterprobleme-auch-in-montbeliard","status":"publish","type":"post","link":"https:\/\/zeitzeugen-ludwigsburg-montbeliard.de\/fr\/gastarbeiterprobleme-auch-in-montbeliard\/","title":{"rendered":"Les \u00ab\u00a0probl\u00e8mes des travailleurs immigr\u00e9s\u00a0\u00bb du point de vue fran\u00e7ais"},"content":{"rendered":"<p><strong>En mars 1982, une d\u00e9l\u00e9gation du jumelage se rendit \u00e0 Ludwigsburg pour \u00e9changer avec ses coll\u00e8gues allemands sur la mani\u00e8re de traiter les \u00ab\u00a0probl\u00e8mes des travailleurs immigr\u00e9s\u00a0\u00bb.<\/strong><\/p>\n<p>Le programme des collaborateurs venus de Montb\u00e9liard \u00e9tait assez large. Le maire Sch\u00e4fer commen\u00e7a par \u00e9voquer le probl\u00e8me des travailleurs immigr\u00e9s de fa\u00e7on g\u00e9n\u00e9rale : la prise en charge des \u00e9trangers, les droits des \u00e9trangers, la situation des enfants de travailleurs immigr\u00e9s \u00e0 l&rsquo;\u00e9cole (maternelle) mais aussi la question des travailleurs immigr\u00e9s en lien avec le d\u00e9velopement de l&rsquo;urbanisme \u00e0 Ludwigsburg. Les participants de Ludwigsburg et de Montb\u00e9liard n&rsquo;\u00e9chang\u00e8rent pas seulement des id\u00e9es, ils firent aussi quelques excursions sur le terrain pour visiter notamment les am\u00e9nagements de la mutualit\u00e9 ouvri\u00e8re et le centre-ville.<\/p>\n<div id=\"attachment_570\" style=\"width: 467px\" class=\"wp-caption alignright\"><a href=\"http:\/\/zeitzeugen-ludwigsburg-montbeliard.de\/wp-content\/uploads\/2014\/12\/Marktplatz-Ludwigsburg.png\" rel=\"prettyPhoto[563]\"><img aria-describedby=\"caption-attachment-570\" decoding=\"async\" loading=\"lazy\" class=\"size-medium wp-image-570 \" src=\"http:\/\/zeitzeugen-ludwigsburg-montbeliard.de\/wp-content\/uploads\/2014\/12\/Marktplatz-Ludwigsburg-457x300.png\" alt=\"Marktplatz Ludwigsburg\" width=\"457\" height=\"300\" srcset=\"https:\/\/zeitzeugen-ludwigsburg-montbeliard.de\/wp-content\/uploads\/2014\/12\/Marktplatz-Ludwigsburg-457x300.png 457w, https:\/\/zeitzeugen-ludwigsburg-montbeliard.de\/wp-content\/uploads\/2014\/12\/Marktplatz-Ludwigsburg.png 1024w\" sizes=\"(max-width: 457px) 100vw, 457px\" \/><\/a><p id=\"caption-attachment-570\" class=\"wp-caption-text\">La d\u00e9l\u00e9gation de Montb\u00e9liard le 29 mars1982 sur la place du march\u00e9 de Ludwigsburg<\/p><\/div>\n<p>_____<\/p>\n<p>Documents vers le contenu :<\/p>\n<p><a href=\"https:\/\/ludwigsburg-montbeliard.bsz-bw.de\/frontdoor\/index\/index\/docId\/1718\" target=\"_blank\">Arbeitstreffen mit Montb\u00e9liard &#8211; \u00ab\u00a0Gastarbeiterprobleme\u00a0\u00bb auch aus franz\u00f6sischer Sicht<\/a>. &#8211;\u00a0 Ludwigsburger Kreiszeitung, 30.03.1982. &#8211; Provenance : Deutsch-Franz\u00f6sisches Institut, Pressearchiv.<\/p>\n<p><a href=\"https:\/\/ludwigsburg-montbeliard.bsz-bw.de\/frontdoor\/index\/index\/docId\/1149\" target=\"_blank\">Deux journ\u00e9es d&rsquo;\u00e9tude sur l&rsquo;immigration<\/a>. &#8211; Le Pays, 1982. &#8211; Provenance : Archives municipales Montb\u00e9liard<\/p>\n<p><a href=\"https:\/\/ludwigsburg-montbeliard.bsz-bw.de\/frontdoor\/index\/index\/docId\/1153\" target=\"_blank\">La d\u00e9l\u00e9gation montb\u00e9liardaise sur la place du march\u00e9 de Ludwigsburg, 29 mars 1982<\/a>. &#8211; Provenance : Archives municipales Montb\u00e9liard<\/p>","protected":false},"excerpt":{"rendered":"<p>En mars 1982, une d\u00e9l\u00e9gation du jumelage se rendit \u00e0 Ludwigsburg pour \u00e9changer avec ses coll\u00e8gues allemands sur la mani\u00e8re de traiter les \u00ab\u00a0probl\u00e8mes des travailleurs immigr\u00e9s\u00a0\u00bb. Le programme des collaborateurs venus de Montb\u00e9liard \u00e9tait assez large. Le maire Sch\u00e4fer&#8230;<a class=\"more-link\" href=\"https:\/\/zeitzeugen-ludwigsburg-montbeliard.de\/fr\/gastarbeiterprobleme-auch-in-montbeliard\/\">Mehr erfahren<\/a><\/p>\n","protected":false},"author":4,"featured_media":1695,"comment_status":"open","ping_status":"open","sticky":false,"template":"","format":"standard","meta":[],"categories":[9],"tags":[],"_links":{"self":[{"href":"https:\/\/zeitzeugen-ludwigsburg-montbeliard.de\/fr\/wp-json\/wp\/v2\/posts\/563"}],"collection":[{"href":"https:\/\/zeitzeugen-ludwigsburg-montbeliard.de\/fr\/wp-json\/wp\/v2\/posts"}],"about":[{"href":"https:\/\/zeitzeugen-ludwigsburg-montbeliard.de\/fr\/wp-json\/wp\/v2\/types\/post"}],"author":[{"embeddable":true,"href":"https:\/\/zeitzeugen-ludwigsburg-montbeliard.de\/fr\/wp-json\/wp\/v2\/users\/4"}],"replies":[{"embeddable":true,"href":"https:\/\/zeitzeugen-ludwigsburg-montbeliard.de\/fr\/wp-json\/wp\/v2\/comments?post=563"}],"version-history":[{"count":38,"href":"https:\/\/zeitzeugen-ludwigsburg-montbeliard.de\/fr\/wp-json\/wp\/v2\/posts\/563\/revisions"}],"predecessor-version":[{"id":5583,"href":"https:\/\/zeitzeugen-ludwigsburg-montbeliard.de\/fr\/wp-json\/wp\/v2\/posts\/563\/revisions\/5583"}],"wp:featuredmedia":[{"embeddable":true,"href":"https:\/\/zeitzeugen-ludwigsburg-montbeliard.de\/fr\/wp-json\/wp\/v2\/media\/1695"}],"wp:attachment":[{"href":"https:\/\/zeitzeugen-ludwigsburg-montbeliard.de\/fr\/wp-json\/wp\/v2\/media?parent=563"}],"wp:term":[{"taxonomy":"category","embeddable":true,"href":"https:\/\/zeitzeugen-ludwigsburg-montbeliard.de\/fr\/wp-json\/wp\/v2\/categories?post=563"},{"taxonomy":"post_tag","embeddable":true,"href":"https:\/\/zeitzeugen-ludwigsburg-montbeliard.de\/fr\/wp-json\/wp\/v2\/tags?post=563"}],"curies":[{"name":"wp","href":"https:\/\/api.w.org\/{rel}","templated":true}]}}