{"id":5336,"date":"2015-11-17T14:43:08","date_gmt":"2015-11-17T13:43:08","guid":{"rendered":"http:\/\/zeitzeugen-ludwigsburg-montbeliard.de\/?p=5336"},"modified":"2015-11-19T08:44:42","modified_gmt":"2015-11-19T07:44:42","slug":"thierry-saulnier-ohne-untertitel","status":"publish","type":"post","link":"https:\/\/zeitzeugen-ludwigsburg-montbeliard.de\/fr\/thierry-saulnier-ohne-untertitel\/","title":{"rendered":"L&rsquo;entretien avec Thierry Saulnier sans sous-titres"},"content":{"rendered":"<p>En 1984, c\u2019est en tant que jardinier que <strong class=\"last\">Thierry Saulnier <\/strong>fit ses d\u00e9buts \u00e0 Montb\u00e9liard. Il est d\u00e9sormais directeur directeur du service des espaces verts de la ville. Depuis le milieu des ann\u00e9es 90, il participe \u00e0 la conception d\u2019espaces verts \u00e0 Ludwigsburg. Dans les ann\u00e9es 2000, il entra\u00eena les jeunes du FC Bart et organisa un \u00e9change avec les jeunes du SpVgg 07. Actuellement, il occupe le poste de vice-pr\u00e9sident au FC Bart.<\/p>\n<p>Au Chateau des ducs de Wurtemberg,<strong> Thierry Saulnier<\/strong> s\u2019est entretenu le 29 juin 2014 avec<strong> Vincent Reigner<\/strong>, <strong>Alexandre Vachet<\/strong>, <strong>Paul Chavey<\/strong> (Coll\u00e8ge Guynemer) et <strong class=\"last\">Timon Schatz<\/strong> (Goethe-Gymnasium).<\/p>","protected":false},"excerpt":{"rendered":"<p>En 1984, c\u2019est en tant que jardinier que Thierry Saulnier fit ses d\u00e9buts \u00e0 Montb\u00e9liard. Il est d\u00e9sormais directeur directeur du service des espaces verts de la ville. Depuis le milieu des ann\u00e9es 90, il participe \u00e0 la conception d\u2019espaces&#8230;<a class=\"more-link\" href=\"https:\/\/zeitzeugen-ludwigsburg-montbeliard.de\/fr\/thierry-saulnier-ohne-untertitel\/\">Mehr erfahren<\/a><\/p>\n","protected":false},"author":19,"featured_media":1267,"comment_status":"open","ping_status":"open","sticky":false,"template":"","format":"standard","meta":[],"categories":[31],"tags":[],"_links":{"self":[{"href":"https:\/\/zeitzeugen-ludwigsburg-montbeliard.de\/fr\/wp-json\/wp\/v2\/posts\/5336"}],"collection":[{"href":"https:\/\/zeitzeugen-ludwigsburg-montbeliard.de\/fr\/wp-json\/wp\/v2\/posts"}],"about":[{"href":"https:\/\/zeitzeugen-ludwigsburg-montbeliard.de\/fr\/wp-json\/wp\/v2\/types\/post"}],"author":[{"embeddable":true,"href":"https:\/\/zeitzeugen-ludwigsburg-montbeliard.de\/fr\/wp-json\/wp\/v2\/users\/19"}],"replies":[{"embeddable":true,"href":"https:\/\/zeitzeugen-ludwigsburg-montbeliard.de\/fr\/wp-json\/wp\/v2\/comments?post=5336"}],"version-history":[{"count":4,"href":"https:\/\/zeitzeugen-ludwigsburg-montbeliard.de\/fr\/wp-json\/wp\/v2\/posts\/5336\/revisions"}],"predecessor-version":[{"id":5464,"href":"https:\/\/zeitzeugen-ludwigsburg-montbeliard.de\/fr\/wp-json\/wp\/v2\/posts\/5336\/revisions\/5464"}],"wp:featuredmedia":[{"embeddable":true,"href":"https:\/\/zeitzeugen-ludwigsburg-montbeliard.de\/fr\/wp-json\/wp\/v2\/media\/1267"}],"wp:attachment":[{"href":"https:\/\/zeitzeugen-ludwigsburg-montbeliard.de\/fr\/wp-json\/wp\/v2\/media?parent=5336"}],"wp:term":[{"taxonomy":"category","embeddable":true,"href":"https:\/\/zeitzeugen-ludwigsburg-montbeliard.de\/fr\/wp-json\/wp\/v2\/categories?post=5336"},{"taxonomy":"post_tag","embeddable":true,"href":"https:\/\/zeitzeugen-ludwigsburg-montbeliard.de\/fr\/wp-json\/wp\/v2\/tags?post=5336"}],"curies":[{"name":"wp","href":"https:\/\/api.w.org\/{rel}","templated":true}]}}