{"id":5321,"date":"2015-11-16T17:18:51","date_gmt":"2015-11-16T16:18:51","guid":{"rendered":"http:\/\/zeitzeugen-ludwigsburg-montbeliard.de\/?p=5321"},"modified":"2022-08-17T14:45:44","modified_gmt":"2022-08-17T12:45:44","slug":"erich-knauss-ohne-untertitel","status":"publish","type":"post","link":"https:\/\/zeitzeugen-ludwigsburg-montbeliard.de\/fr\/erich-knauss-ohne-untertitel\/","title":{"rendered":"L&rsquo;entretien avec Erich Knau\u00df sans sous-titres"},"content":{"rendered":"<p><strong>Erich Knau\u00df<\/strong> est n\u00e9 en 1942 \u00e0 Ludwigsburg et a grandi \u00e0 Asperg. Apr\u00e8s avoir obtenu son bac en 1961 au Friedrich-Schiller-Gymnasium de Ludwigsburg, il \u00e9tudia les maths et la physique \u00e0 l\u2019universit\u00e9 de Stuttgart. Apr\u00e8s avoir \u00e9t\u00e9 enseignant pendant quelques ann\u00e9es aux lyc\u00e9es de K\u00fcnzelsau, il enseigna de 1973 \u00e0 2007 au M\u00f6rike-Gymnasium de Ludwigsburg. Depuis 1976 il travaille en coop\u00e9ration avec le rectorat (emplois du temps etc.), gr\u00e2ce auquel se sont \u00e9tablis des contacts avec les partenaires d\u2019\u00e9change fran\u00e7ois. Depuis 1988, M. Knaus fut toujours professeur accompagnateur lors de l\u2019\u00e9change \u00e0 Montb\u00e9liard, et ce meme apr\u00e8s sa retraite. En 2009, il organisa avec ses coll\u00e8gues une exposition pour l\u2019\u00e9change et l\u2019acte de f\u00eate \u00e0 l\u2019anniversaire : \u00abLes 50 ans de partenariat scolaire entre le Lyc\u00e9e Cuvier de Montb\u00e9liard et le M\u00f6rike-Gymnasium de Ludwigsburg \u00bb .<\/p>\n<p>Au dfi, le 18 d\u00e9cembre 2013, <strong>Erich Knauss<\/strong> raconta ses exp\u00e9riences concernant les \u00e9changes scolaire \u00e0 <strong>Berkay Cam<\/strong>, <strong>Cemre Yildiz<\/strong>, <strong>Sabrina Wei\u00dfinger<\/strong>, \u00e9l\u00e8ves du Goethe-Gymnasium, et une quatri\u00e8me \u00e9l\u00e8ve.<\/p>","protected":false},"excerpt":{"rendered":"<p>Erich Knau\u00df est n\u00e9 en 1942 \u00e0 Ludwigsburg et a grandi \u00e0 Asperg. Apr\u00e8s avoir obtenu son bac en 1961 au Friedrich-Schiller-Gymnasium de Ludwigsburg, il \u00e9tudia les maths et la physique \u00e0 l\u2019universit\u00e9 de Stuttgart. Apr\u00e8s avoir \u00e9t\u00e9 enseignant pendant&#8230;<a class=\"more-link\" href=\"https:\/\/zeitzeugen-ludwigsburg-montbeliard.de\/fr\/erich-knauss-ohne-untertitel\/\">Mehr erfahren<\/a><\/p>\n","protected":false},"author":19,"featured_media":6110,"comment_status":"open","ping_status":"open","sticky":false,"template":"","format":"standard","meta":[],"categories":[31],"tags":[],"_links":{"self":[{"href":"https:\/\/zeitzeugen-ludwigsburg-montbeliard.de\/fr\/wp-json\/wp\/v2\/posts\/5321"}],"collection":[{"href":"https:\/\/zeitzeugen-ludwigsburg-montbeliard.de\/fr\/wp-json\/wp\/v2\/posts"}],"about":[{"href":"https:\/\/zeitzeugen-ludwigsburg-montbeliard.de\/fr\/wp-json\/wp\/v2\/types\/post"}],"author":[{"embeddable":true,"href":"https:\/\/zeitzeugen-ludwigsburg-montbeliard.de\/fr\/wp-json\/wp\/v2\/users\/19"}],"replies":[{"embeddable":true,"href":"https:\/\/zeitzeugen-ludwigsburg-montbeliard.de\/fr\/wp-json\/wp\/v2\/comments?post=5321"}],"version-history":[{"count":7,"href":"https:\/\/zeitzeugen-ludwigsburg-montbeliard.de\/fr\/wp-json\/wp\/v2\/posts\/5321\/revisions"}],"predecessor-version":[{"id":6134,"href":"https:\/\/zeitzeugen-ludwigsburg-montbeliard.de\/fr\/wp-json\/wp\/v2\/posts\/5321\/revisions\/6134"}],"wp:featuredmedia":[{"embeddable":true,"href":"https:\/\/zeitzeugen-ludwigsburg-montbeliard.de\/fr\/wp-json\/wp\/v2\/media\/6110"}],"wp:attachment":[{"href":"https:\/\/zeitzeugen-ludwigsburg-montbeliard.de\/fr\/wp-json\/wp\/v2\/media?parent=5321"}],"wp:term":[{"taxonomy":"category","embeddable":true,"href":"https:\/\/zeitzeugen-ludwigsburg-montbeliard.de\/fr\/wp-json\/wp\/v2\/categories?post=5321"},{"taxonomy":"post_tag","embeddable":true,"href":"https:\/\/zeitzeugen-ludwigsburg-montbeliard.de\/fr\/wp-json\/wp\/v2\/tags?post=5321"}],"curies":[{"name":"wp","href":"https:\/\/api.w.org\/{rel}","templated":true}]}}