{"id":484,"date":"2014-12-17T15:16:03","date_gmt":"2014-12-17T13:16:03","guid":{"rendered":"http:\/\/zeitzeugen-ludwigsburg-montbeliard.de\/?p=484"},"modified":"2016-12-23T10:06:28","modified_gmt":"2016-12-23T09:06:28","slug":"reaktionen-auf-den-nazi-aufmarsch-zur-beerdigung-sepp-dietrichs","status":"publish","type":"post","link":"https:\/\/zeitzeugen-ludwigsburg-montbeliard.de\/fr\/reaktionen-auf-den-nazi-aufmarsch-zur-beerdigung-sepp-dietrichs\/","title":{"rendered":"\u00ab Vous causez du tort \u00e0 votre jumelage \u00bb"},"content":{"rendered":"<p>Le maire Andr\u00e9 Boulloche et une d\u00e9l\u00e9gation de Montb\u00e9liard tir\u00e8rent les cons\u00e9quences du d\u00e9fil\u00e9 nazi et d\u00e9cid\u00e8rent de ne pas participer \u00e0 la c\u00e9r\u00e9monie du 262\u00e8me anniversaire de la fondation de la ville.<\/p>\n<p>Cette d\u00e9cision divisa l&rsquo;opinion et re\u00e7ut autant de manifestations d&rsquo;approbation que de rejet, que les gens exprim\u00e8rent dans des lettres adress\u00e9es au maire fran\u00e7ais.<\/p>\n<p>Les lettres d&rsquo;un <a href=\"http:\/\/ludwigsburg-montbeliard.bsz-bw.de\/jspview\/archive\/frei\/mobe-778\/0\/1966_007_OCR.html\" target=\"_blank\">Fran\u00e7ais<\/a> et d&rsquo;une <a href=\"http:\/\/ludwigsburg-montbeliard.bsz-bw.de\/jspview\/archive\/frei\/mobe-783\/0\/1966_009_OCR.html\" target=\"_blank\">Allemande<\/a> peuvent notamment servir d&rsquo;exemple : ils le f\u00e9licitent tous deux de sa d\u00e9cision.<\/p>\n<p>A contrario, la <a href=\"http:\/\/ludwigsburg-montbeliard.bsz-bw.de\/jspview\/archive\/frei\/mobe-784\/0\/1966_010_OCR.html\" target=\"_blank\">lettre<\/a> d&rsquo;un ancien lieutenant colonel Waffen-SS et maire se d\u00e9tache du reste : Il trouve que le maire, par son refus, cause du tort \u00e0 la ville jumel\u00e9e, car ni le maire ni un repr\u00e9sentant de la ville de Ludwigsburg n&rsquo;auraient \u00e9t\u00e9 pr\u00e9sents \u00e0 l&rsquo;enterrement.<\/p>\n<p>Malgr\u00e9 toute cette agitation, le maire de Montb\u00e9liard <a href=\"http:\/\/ludwigsburg-montbeliard.bsz-bw.de\/jspview\/archive\/frei\/mobe-784\/0\/1966_010_OCR.html\" target=\"_blank\">r\u00e9agit<\/a> de mani\u00e8re conciliante : <strong>\u00ab\u00a0L&rsquo;incident ne nuira pas \u00e0 la relation avec notre ville jumel\u00e9e\u00a0\u00bb.<\/strong><\/p>\n<p>_____<\/p>\n<p>Document vers le contenu:<\/p>\n<p>\u00ab <a href=\"http:\/\/ludwigsburg-montbeliard.bsz-bw.de\/jspview\/archive\/frei\/mobe-778\/0\/1966_007_OCR.html\" target=\"_blank\">Courrier au maire Boulloche par un m\u00e9decin nanc\u00e9en concernant son choix d&rsquo;annuler sa visite \u00e0 Ludwigsburg<\/a>. &#8211; \u00bb Lettre, 1966, Auteur : P. Sadoul. &#8211; Provenance : Archives Montb\u00e9liard<\/p>\n<p>\u00ab<a href=\"https:\/\/ludwigsburg-montbeliard.bsz-bw.de\/frontdoor\/index\/index\/docId\/850\" target=\"_blank\"> Courrier au maire Boulloche par une dame Allemande concernant son choix d&rsquo;annuler sa visite \u00e0 Ludwigsburg<\/a> \u00bb &#8211; Lettre, 1966, Auteur : L.W\u00f6lk. &#8211; Provenance : Archives Montb\u00e9liard<\/p>\n<p>\u00ab <a href=\"https:\/\/ludwigsburg-montbeliard.bsz-bw.de\/frontdoor\/index\/index\/docId\/833\" target=\"_blank\">L&rsquo;incident n&rsquo;entamera pas nos relations avec notre ville jumelle <\/a>\u00bb . &#8211; Provenance : Archives Montb\u00e9liard &#8211; Article de journal, 1966<\/p>\n<p>\u00ab<a href=\"https:\/\/ludwigsburg-montbeliard.bsz-bw.de\/frontdoor\/index\/index\/docId\/857\" target=\"_blank\">Courrier au maire Boulloche par un \u00e9lu Allemand concernant son choix d&rsquo;annuler sa visite \u00e0 Ludwigsburg <\/a>\u00bb &#8211; Lettre, 1966, Auteur : H. Zuchhold. &#8211; Provenance : Archives Montb\u00e9liard<\/p>","protected":false},"excerpt":{"rendered":"<p>Le maire Andr\u00e9 Boulloche et une d\u00e9l\u00e9gation de Montb\u00e9liard tir\u00e8rent les cons\u00e9quences du d\u00e9fil\u00e9 nazi et d\u00e9cid\u00e8rent de ne pas participer \u00e0 la c\u00e9r\u00e9monie du 262\u00e8me anniversaire de la fondation de la ville. Cette d\u00e9cision divisa l&rsquo;opinion et re\u00e7ut autant&#8230;<a class=\"more-link\" href=\"https:\/\/zeitzeugen-ludwigsburg-montbeliard.de\/fr\/reaktionen-auf-den-nazi-aufmarsch-zur-beerdigung-sepp-dietrichs\/\">Mehr erfahren<\/a><\/p>\n","protected":false},"author":6,"featured_media":2878,"comment_status":"open","ping_status":"open","sticky":false,"template":"","format":"standard","meta":[],"categories":[16],"tags":[],"_links":{"self":[{"href":"https:\/\/zeitzeugen-ludwigsburg-montbeliard.de\/fr\/wp-json\/wp\/v2\/posts\/484"}],"collection":[{"href":"https:\/\/zeitzeugen-ludwigsburg-montbeliard.de\/fr\/wp-json\/wp\/v2\/posts"}],"about":[{"href":"https:\/\/zeitzeugen-ludwigsburg-montbeliard.de\/fr\/wp-json\/wp\/v2\/types\/post"}],"author":[{"embeddable":true,"href":"https:\/\/zeitzeugen-ludwigsburg-montbeliard.de\/fr\/wp-json\/wp\/v2\/users\/6"}],"replies":[{"embeddable":true,"href":"https:\/\/zeitzeugen-ludwigsburg-montbeliard.de\/fr\/wp-json\/wp\/v2\/comments?post=484"}],"version-history":[{"count":49,"href":"https:\/\/zeitzeugen-ludwigsburg-montbeliard.de\/fr\/wp-json\/wp\/v2\/posts\/484\/revisions"}],"predecessor-version":[{"id":5561,"href":"https:\/\/zeitzeugen-ludwigsburg-montbeliard.de\/fr\/wp-json\/wp\/v2\/posts\/484\/revisions\/5561"}],"wp:featuredmedia":[{"embeddable":true,"href":"https:\/\/zeitzeugen-ludwigsburg-montbeliard.de\/fr\/wp-json\/wp\/v2\/media\/2878"}],"wp:attachment":[{"href":"https:\/\/zeitzeugen-ludwigsburg-montbeliard.de\/fr\/wp-json\/wp\/v2\/media?parent=484"}],"wp:term":[{"taxonomy":"category","embeddable":true,"href":"https:\/\/zeitzeugen-ludwigsburg-montbeliard.de\/fr\/wp-json\/wp\/v2\/categories?post=484"},{"taxonomy":"post_tag","embeddable":true,"href":"https:\/\/zeitzeugen-ludwigsburg-montbeliard.de\/fr\/wp-json\/wp\/v2\/tags?post=484"}],"curies":[{"name":"wp","href":"https:\/\/api.w.org\/{rel}","templated":true}]}}