{"id":4297,"date":"2015-05-11T13:20:09","date_gmt":"2015-05-11T11:20:09","guid":{"rendered":"http:\/\/zeitzeugen-ludwigsburg-montbeliard.de\/?p=4297"},"modified":"2025-11-28T14:11:06","modified_gmt":"2025-11-28T13:11:06","slug":"dieser-staat-sind-wir-selber","status":"publish","type":"post","link":"https:\/\/zeitzeugen-ludwigsburg-montbeliard.de\/fr\/dieser-staat-sind-wir-selber\/","title":{"rendered":"\u00ab\u00a0Cet \u00c9tat c&rsquo;est nous-m\u00eame\u00a0\u00bb"},"content":{"rendered":"<p>Au cours de l&rsquo;entretien avec<strong> Mr. Otfried Ulsh\u00f6fer,&nbsp;<\/strong>une \u00e9l\u00e8ve demanda si le fait de s&rsquo;engager pour le \u00ab <a href=\"http:\/\/www.zentrale-stelle.de\/pb\/,Lde\/Startseite\">Service central d\u2019enqu\u00eates sur les crimes nationaux-socialistes<\/a> \u00bb n&rsquo;entrait pas en contradiction avec le fait de garder par ailleurs sa croix f\u00e9d\u00e9rale du m\u00e9rite de la R\u00e9publique f\u00e9d\u00e9rale d&rsquo;Allemagne, bien que celle-ci participa activement, en d\u00e9cembre 2014, \u00e0 l&rsquo;intervention militaire et la soutint en nature et financi\u00e8rement.<\/p>\n<p>Monsieur Ulsh\u00f6fer r\u00e9pondit \u00e0 cette question de fa\u00e7on d\u00e9taill\u00e9e. Puisque le jumelage ne joue aucun r\u00f4le dans cette partie de l&rsquo;entretien, ce passage n&rsquo;a pu \u00eatre sous-titr\u00e9 et ne fait pas non plus partie de la totalit\u00e9 de l&rsquo;interview disponible avec <strong>Monsieur Otfried Ulsh\u00f6fer.<\/strong><\/p>\n<p>Vous pouvez regarder l&rsquo;int\u00e9gralit\u00e9 de l&rsquo;entretien avec Otfried Ulsh\u00f6fer <a href=\"http:\/\/zeitzeugen-ludwigsburg-montbeliard.de\/zeitzeuge\/otfried-ulshoefer\/\">avec sous titres<\/a> ou <a href=\"http:\/\/zeitzeugen-ludwigsburg-montbeliard.de\/otfried-ulshoefer-ohne-untertitel\/\">sans sous-titres<\/a>.<\/p>","protected":false},"excerpt":{"rendered":"<p>Au cours de l&rsquo;entretien avec Mr. Otfried Ulsh\u00f6fer,&nbsp;une \u00e9l\u00e8ve demanda si le fait de s&rsquo;engager pour le \u00ab Service central d\u2019enqu\u00eates sur les crimes nationaux-socialistes \u00bb n&rsquo;entrait pas en contradiction avec le fait de garder par ailleurs sa croix f\u00e9d\u00e9rale&#8230;<a class=\"more-link\" href=\"https:\/\/zeitzeugen-ludwigsburg-montbeliard.de\/fr\/dieser-staat-sind-wir-selber\/\">Mehr erfahren<\/a><\/p>\n","protected":false},"author":19,"featured_media":4298,"comment_status":"open","ping_status":"open","sticky":false,"template":"","format":"standard","meta":[],"categories":[16],"tags":[],"_links":{"self":[{"href":"https:\/\/zeitzeugen-ludwigsburg-montbeliard.de\/fr\/wp-json\/wp\/v2\/posts\/4297"}],"collection":[{"href":"https:\/\/zeitzeugen-ludwigsburg-montbeliard.de\/fr\/wp-json\/wp\/v2\/posts"}],"about":[{"href":"https:\/\/zeitzeugen-ludwigsburg-montbeliard.de\/fr\/wp-json\/wp\/v2\/types\/post"}],"author":[{"embeddable":true,"href":"https:\/\/zeitzeugen-ludwigsburg-montbeliard.de\/fr\/wp-json\/wp\/v2\/users\/19"}],"replies":[{"embeddable":true,"href":"https:\/\/zeitzeugen-ludwigsburg-montbeliard.de\/fr\/wp-json\/wp\/v2\/comments?post=4297"}],"version-history":[{"count":12,"href":"https:\/\/zeitzeugen-ludwigsburg-montbeliard.de\/fr\/wp-json\/wp\/v2\/posts\/4297\/revisions"}],"predecessor-version":[{"id":6156,"href":"https:\/\/zeitzeugen-ludwigsburg-montbeliard.de\/fr\/wp-json\/wp\/v2\/posts\/4297\/revisions\/6156"}],"wp:featuredmedia":[{"embeddable":true,"href":"https:\/\/zeitzeugen-ludwigsburg-montbeliard.de\/fr\/wp-json\/wp\/v2\/media\/4298"}],"wp:attachment":[{"href":"https:\/\/zeitzeugen-ludwigsburg-montbeliard.de\/fr\/wp-json\/wp\/v2\/media?parent=4297"}],"wp:term":[{"taxonomy":"category","embeddable":true,"href":"https:\/\/zeitzeugen-ludwigsburg-montbeliard.de\/fr\/wp-json\/wp\/v2\/categories?post=4297"},{"taxonomy":"post_tag","embeddable":true,"href":"https:\/\/zeitzeugen-ludwigsburg-montbeliard.de\/fr\/wp-json\/wp\/v2\/tags?post=4297"}],"curies":[{"name":"wp","href":"https:\/\/api.w.org\/{rel}","templated":true}]}}