{"id":419,"date":"2014-12-04T16:53:31","date_gmt":"2014-12-04T14:53:31","guid":{"rendered":"http:\/\/zeitzeugen-ludwigsburg-montbeliard.de\/?p=419"},"modified":"2017-04-20T16:20:00","modified_gmt":"2017-04-20T14:20:00","slug":"fuer-die-zeit-einer-beerdigung-ist-in-ludwigsburg-nazi-deutschland-wieder-auferstanden","status":"publish","type":"post","link":"https:\/\/zeitzeugen-ludwigsburg-montbeliard.de\/fr\/fuer-die-zeit-einer-beerdigung-ist-in-ludwigsburg-nazi-deutschland-wieder-auferstanden\/","title":{"rendered":"\u00ab L&rsquo;Allemagne nazie a ressuscit\u00e9 le temps d&rsquo;un enterrement \u00bb"},"content":{"rendered":"<p><\/p>\n<p style=\"text-align: left;\">Il s&rsquo;agit l\u00e0 de l&rsquo;enterrement de <a href=\"https:\/\/www.munzinger.de\/search\/portrait\/Sepp+Dietrich\/0\/330.html\" target=\"_blank\">Sepp Dietrich<\/a> le 27 avril 1966, autrefois commandant de la garde rapproch\u00e9e d&rsquo;Hitler, puis g\u00e9n\u00e9ral et chef de file des SS.<\/p>\n<p>Pour l&rsquo;enterrement, qui fut annonc\u00e9 dans le journal par les amis les plus proches de Dietrich, 5000 \u00e0 8000 sympathisants de l&rsquo;ancien parti national-socialiste firent le voyage d&rsquo;Allemagne, d&rsquo;Autriche, de Hollande, du Danemark et de Finlande. Parmi eux, l&rsquo;on comptait de nombreux anciens soldats de la Wehrmacht et de la Waffen-SS. Parmi les orateurs qui prirent la parole lors de la c\u00e9r\u00e9monie se trouvaient d&rsquo;anciens g\u00e9n\u00e9raux nazis de haut rang ainsi que le repr\u00e9sentant de la Waffen-SS d&rsquo;Autriche. De vives r\u00e9actions fus\u00e8rent suite de l&rsquo;enterrement : la revue fran\u00e7aise \u00ab\u00a0Paris Match\u00a0\u00bb publia un grand article ainsi que des photos du d\u00e9fil\u00e9 dans la premi\u00e8re ville jumel\u00e9e de France apr\u00e8s la guerre. Une image particuli\u00e8rement marquante est celle des invit\u00e9s chantant au cimeti\u00e8re.<\/p>\n<p><a href=\"http:\/\/zeitzeugen-ludwigsburg-montbeliard.de\/wp-content\/uploads\/2014\/12\/Nazi-Hymne.jpg\" rel=\"prettyPhoto[419]\"><img decoding=\"async\" loading=\"lazy\" class=\"wp-image-432 alignright\" src=\"http:\/\/zeitzeugen-ludwigsburg-montbeliard.de\/wp-content\/uploads\/2014\/12\/Nazi-Hymne-500x236.jpg\" alt=\"Nazi-Hymne\" width=\"500\" height=\"236\" srcset=\"https:\/\/zeitzeugen-ludwigsburg-montbeliard.de\/wp-content\/uploads\/2014\/12\/Nazi-Hymne-500x236.jpg 500w, https:\/\/zeitzeugen-ludwigsburg-montbeliard.de\/wp-content\/uploads\/2014\/12\/Nazi-Hymne.jpg 976w\" sizes=\"(max-width: 500px) 100vw, 500px\" \/><\/a><\/p>\n<p>_____<\/p>\n<p>Documents vers le contenu :<\/p>\n<ul>\n<li>Hesse Miriam; Widmann Tobias (2012): <a href=\"https:\/\/ludwigsburg-montbeliard.bsz-bw.de\/frontdoor\/index\/index\/docId\/1615\" target=\"_blank\">\u00ab\u00a0Nazi-Deutschland ist auferstanden.\u00a0\u00bb<\/a> In: Stuttgarter Zeitung, Nr. 218, S. 28<\/li>\n<li><a href=\"https:\/\/ludwigsburg-montbeliard.bsz-bw.de\/frontdoor\/index\/index\/docId\/718\" target=\"_blank\">SS Serrez les rangs<\/a>. &#8211; Paris Match, Nr. 891, 1966. &#8211; Provenance : Deutsch-Franz\u00f6sisches Institut<\/li>\n<li>Artikel \u00fcber <a href=\"http:\/\/de.wikipedia.org\/wiki\/Sepp_Dietrich\" target=\"_blank\">Sepp Dietrich<\/a> in der deutschsprachigen Wikipedia<\/li>\n<\/ul>\n<p><\/p>","protected":false},"excerpt":{"rendered":"<p>Il s&rsquo;agit l\u00e0 de l&rsquo;enterrement de Sepp Dietrich le 27 avril 1966, autrefois commandant de la garde rapproch\u00e9e d&rsquo;Hitler, puis g\u00e9n\u00e9ral et chef de file des SS. Pour l&rsquo;enterrement, qui fut annonc\u00e9 dans le journal par les amis les plus&#8230;<a class=\"more-link\" href=\"https:\/\/zeitzeugen-ludwigsburg-montbeliard.de\/fr\/fuer-die-zeit-einer-beerdigung-ist-in-ludwigsburg-nazi-deutschland-wieder-auferstanden\/\">Mehr erfahren<\/a><\/p>\n","protected":false},"author":6,"featured_media":1487,"comment_status":"open","ping_status":"open","sticky":false,"template":"","format":"standard","meta":[],"categories":[16],"tags":[],"_links":{"self":[{"href":"https:\/\/zeitzeugen-ludwigsburg-montbeliard.de\/fr\/wp-json\/wp\/v2\/posts\/419"}],"collection":[{"href":"https:\/\/zeitzeugen-ludwigsburg-montbeliard.de\/fr\/wp-json\/wp\/v2\/posts"}],"about":[{"href":"https:\/\/zeitzeugen-ludwigsburg-montbeliard.de\/fr\/wp-json\/wp\/v2\/types\/post"}],"author":[{"embeddable":true,"href":"https:\/\/zeitzeugen-ludwigsburg-montbeliard.de\/fr\/wp-json\/wp\/v2\/users\/6"}],"replies":[{"embeddable":true,"href":"https:\/\/zeitzeugen-ludwigsburg-montbeliard.de\/fr\/wp-json\/wp\/v2\/comments?post=419"}],"version-history":[{"count":41,"href":"https:\/\/zeitzeugen-ludwigsburg-montbeliard.de\/fr\/wp-json\/wp\/v2\/posts\/419\/revisions"}],"predecessor-version":[{"id":5678,"href":"https:\/\/zeitzeugen-ludwigsburg-montbeliard.de\/fr\/wp-json\/wp\/v2\/posts\/419\/revisions\/5678"}],"wp:featuredmedia":[{"embeddable":true,"href":"https:\/\/zeitzeugen-ludwigsburg-montbeliard.de\/fr\/wp-json\/wp\/v2\/media\/1487"}],"wp:attachment":[{"href":"https:\/\/zeitzeugen-ludwigsburg-montbeliard.de\/fr\/wp-json\/wp\/v2\/media?parent=419"}],"wp:term":[{"taxonomy":"category","embeddable":true,"href":"https:\/\/zeitzeugen-ludwigsburg-montbeliard.de\/fr\/wp-json\/wp\/v2\/categories?post=419"},{"taxonomy":"post_tag","embeddable":true,"href":"https:\/\/zeitzeugen-ludwigsburg-montbeliard.de\/fr\/wp-json\/wp\/v2\/tags?post=419"}],"curies":[{"name":"wp","href":"https:\/\/api.w.org\/{rel}","templated":true}]}}