{"id":3828,"date":"2015-01-15T09:00:13","date_gmt":"2015-01-15T08:00:13","guid":{"rendered":"http:\/\/zeitzeugen-ludwigsburg-montbeliard.de\/?p=3828"},"modified":"2015-11-18T15:06:27","modified_gmt":"2015-11-18T14:06:27","slug":"die-exotik-des-anfangs-ist-der-deutsch-franzoesischen-beziehung-nicht-mehr-da","status":"publish","type":"post","link":"https:\/\/zeitzeugen-ludwigsburg-montbeliard.de\/fr\/die-exotik-des-anfangs-ist-der-deutsch-franzoesischen-beziehung-nicht-mehr-da\/","title":{"rendered":"\u00ab Le c\u00f4t\u00e9 exotique des d\u00e9buts de la relation franco-allemande n&rsquo;est plus l\u00e0. \u00bb"},"content":{"rendered":"<p><a title=\"Eckhard Wulf\" href=\"http:\/\/zeitzeugen-ludwigsburg-montbeliard.de\/zeitzeuge\/eckhard-wulf\/\">Eckhard Wulf<\/a> constate que le charme de la nouveaut\u00e9 des jumelages a disparu :<\/p>\n<p><strong><em>\u00ab Je suis absolument convaincu que les jumelages, apr\u00e8s la Seconde Guerre mondiale, ont eu le tr\u00e8s grand m\u00e9rite d&rsquo;avoir contribu\u00e9 \u00e0 d\u00e9velopper la mentalit\u00e9 des peuples gr\u00e2ce \u00e0 des relations personnelles, aux familles d&rsquo;accueil, o\u00f9 les contacts ne durent pas, comme pendant les vacances, juste une semaine, mais au contraire des ann\u00e9es, au sein de la ville partenaire. C&rsquo;est incroyable et c&rsquo;est inestimable. Je crois que c&rsquo;\u00e9tait une contribution essentielle pour l&rsquo;entente europ\u00e9enne. Mais le c\u00f4t\u00e9 exotique des d\u00e9buts de la relation franco-allemande et avec Montb\u00e9liard n&rsquo;est plus l\u00e0. \u00bb<br \/>\n<\/em><\/strong><\/p>\n<p>Vous pouvez regarder l&rsquo;int\u00e9gralit\u00e9 de l&rsquo;entretien avec Eckhard Wulf <a href=\"http:\/\/zeitzeugen-ludwigsburg-montbeliard.de\/zeitzeuge\/eckhard-wulf\/\">avec sous titres<\/a> ou <a href=\"http:\/\/zeitzeugen-ludwigsburg-montbeliard.de\/eckhard-wulf-ohne-untertitel\/\">sans sous-titres<\/a>.<\/p>","protected":false},"excerpt":{"rendered":"<p>Eckhard Wulf constate que le charme de la nouveaut\u00e9 des jumelages a disparu : \u00ab Je suis absolument convaincu que les jumelages, apr\u00e8s la Seconde Guerre mondiale, ont eu le tr\u00e8s grand m\u00e9rite d&rsquo;avoir contribu\u00e9 \u00e0 d\u00e9velopper la mentalit\u00e9 des&#8230;<a class=\"more-link\" href=\"https:\/\/zeitzeugen-ludwigsburg-montbeliard.de\/fr\/die-exotik-des-anfangs-ist-der-deutsch-franzoesischen-beziehung-nicht-mehr-da\/\">Mehr erfahren<\/a><\/p>\n","protected":false},"author":19,"featured_media":3829,"comment_status":"open","ping_status":"open","sticky":false,"template":"","format":"standard","meta":[],"categories":[1],"tags":[],"_links":{"self":[{"href":"https:\/\/zeitzeugen-ludwigsburg-montbeliard.de\/fr\/wp-json\/wp\/v2\/posts\/3828"}],"collection":[{"href":"https:\/\/zeitzeugen-ludwigsburg-montbeliard.de\/fr\/wp-json\/wp\/v2\/posts"}],"about":[{"href":"https:\/\/zeitzeugen-ludwigsburg-montbeliard.de\/fr\/wp-json\/wp\/v2\/types\/post"}],"author":[{"embeddable":true,"href":"https:\/\/zeitzeugen-ludwigsburg-montbeliard.de\/fr\/wp-json\/wp\/v2\/users\/19"}],"replies":[{"embeddable":true,"href":"https:\/\/zeitzeugen-ludwigsburg-montbeliard.de\/fr\/wp-json\/wp\/v2\/comments?post=3828"}],"version-history":[{"count":10,"href":"https:\/\/zeitzeugen-ludwigsburg-montbeliard.de\/fr\/wp-json\/wp\/v2\/posts\/3828\/revisions"}],"predecessor-version":[{"id":5447,"href":"https:\/\/zeitzeugen-ludwigsburg-montbeliard.de\/fr\/wp-json\/wp\/v2\/posts\/3828\/revisions\/5447"}],"wp:featuredmedia":[{"embeddable":true,"href":"https:\/\/zeitzeugen-ludwigsburg-montbeliard.de\/fr\/wp-json\/wp\/v2\/media\/3829"}],"wp:attachment":[{"href":"https:\/\/zeitzeugen-ludwigsburg-montbeliard.de\/fr\/wp-json\/wp\/v2\/media?parent=3828"}],"wp:term":[{"taxonomy":"category","embeddable":true,"href":"https:\/\/zeitzeugen-ludwigsburg-montbeliard.de\/fr\/wp-json\/wp\/v2\/categories?post=3828"},{"taxonomy":"post_tag","embeddable":true,"href":"https:\/\/zeitzeugen-ludwigsburg-montbeliard.de\/fr\/wp-json\/wp\/v2\/tags?post=3828"}],"curies":[{"name":"wp","href":"https:\/\/api.w.org\/{rel}","templated":true}]}}