{"id":3825,"date":"2015-01-15T08:50:32","date_gmt":"2015-01-15T07:50:32","guid":{"rendered":"http:\/\/zeitzeugen-ludwigsburg-montbeliard.de\/?p=3825"},"modified":"2015-11-18T15:02:01","modified_gmt":"2015-11-18T14:02:01","slug":"deutschland-ist-ein-befreundetes-land-geworden-und-das-ist-ein-glueck","status":"publish","type":"post","link":"https:\/\/zeitzeugen-ludwigsburg-montbeliard.de\/fr\/deutschland-ist-ein-befreundetes-land-geworden-und-das-ist-ein-glueck\/","title":{"rendered":"\u00ab\u00a0L&rsquo;Allemagne est devenue un pays ami et c&rsquo;est heureux. \u00bb"},"content":{"rendered":"<p><strong><em>\u00ab\u00a0 J&rsquo;ai \u00e9t\u00e9 nomm\u00e9 citoyen&#8230; Nomm\u00e9, d\u00e9sign\u00e9, \u00e9lu, je ne sais pas&#8230;\u00a0 Citoyen d&rsquo;Honneur de la ville de Ludwigsburg et c&rsquo;est pour moi une tr\u00e8s grande fiert\u00e9. C&rsquo;est surtout \u00e7a. Je conserve d&rsquo;ailleurs la m\u00e9daille dans mon bureau. Les Allemands ne font pas les choses \u00e0 moiti\u00e9. Nous, en France, on remet une petite m\u00e9daille comme \u00e7a, alors que l\u00e0, j&rsquo;ai re\u00e7u une m\u00e9daille qui est plus grosse qu&rsquo;un camembert, avec un dipl\u00f4me. C&rsquo;est vraiment quelque chose de prestigieux et que je montre de temps en temps.\u00a0\u00bb<\/em><\/strong><\/p>\n<p>A la question de savoir quelle vision il a de l&rsquo;Allemagne, <a title=\"Louis Souvet\" href=\"http:\/\/zeitzeugen-ludwigsburg-montbeliard.de\/zeitzeuge\/louis-souvet\/\">Louis Souvet<\/a> r\u00e9pond :<\/p>\n<p><strong><em>\u00ab\u00a0 C&rsquo;est une question difficile, qui am\u00e8ne donc une r\u00e9ponse difficile.\u00a0\u00bb<\/em> <\/strong><\/p>\n<p>Il termine avec ces mots :<\/p>\n<p><strong><em>\u00ab L&rsquo;Allemagne est devenue un pays ami et c&rsquo;est heureux. \u00bb<\/em><\/strong><\/p>\n<p>Vous pouvez regarder l&rsquo;int\u00e9gralit\u00e9 de l&rsquo;entretien avec Louis Souvet <a href=\"http:\/\/zeitzeugen-ludwigsburg-montbeliard.de\/zeitzeuge\/louis-souvet\/\">avec sous titres<\/a> ou <a href=\"http:\/\/zeitzeugen-ludwigsburg-montbeliard.de\/louis-souvet-ohne-untertitel\/\">sans sous-titres<\/a>.<\/p>","protected":false},"excerpt":{"rendered":"<p>\u00ab\u00a0 J&rsquo;ai \u00e9t\u00e9 nomm\u00e9 citoyen&#8230; Nomm\u00e9, d\u00e9sign\u00e9, \u00e9lu, je ne sais pas&#8230;\u00a0 Citoyen d&rsquo;Honneur de la ville de Ludwigsburg et c&rsquo;est pour moi une tr\u00e8s grande fiert\u00e9. C&rsquo;est surtout \u00e7a. Je conserve d&rsquo;ailleurs la m\u00e9daille dans mon bureau. Les Allemands&#8230;<a class=\"more-link\" href=\"https:\/\/zeitzeugen-ludwigsburg-montbeliard.de\/fr\/deutschland-ist-ein-befreundetes-land-geworden-und-das-ist-ein-glueck\/\">Mehr erfahren<\/a><\/p>\n","protected":false},"author":19,"featured_media":3826,"comment_status":"open","ping_status":"open","sticky":false,"template":"","format":"standard","meta":[],"categories":[1],"tags":[],"_links":{"self":[{"href":"https:\/\/zeitzeugen-ludwigsburg-montbeliard.de\/fr\/wp-json\/wp\/v2\/posts\/3825"}],"collection":[{"href":"https:\/\/zeitzeugen-ludwigsburg-montbeliard.de\/fr\/wp-json\/wp\/v2\/posts"}],"about":[{"href":"https:\/\/zeitzeugen-ludwigsburg-montbeliard.de\/fr\/wp-json\/wp\/v2\/types\/post"}],"author":[{"embeddable":true,"href":"https:\/\/zeitzeugen-ludwigsburg-montbeliard.de\/fr\/wp-json\/wp\/v2\/users\/19"}],"replies":[{"embeddable":true,"href":"https:\/\/zeitzeugen-ludwigsburg-montbeliard.de\/fr\/wp-json\/wp\/v2\/comments?post=3825"}],"version-history":[{"count":9,"href":"https:\/\/zeitzeugen-ludwigsburg-montbeliard.de\/fr\/wp-json\/wp\/v2\/posts\/3825\/revisions"}],"predecessor-version":[{"id":5445,"href":"https:\/\/zeitzeugen-ludwigsburg-montbeliard.de\/fr\/wp-json\/wp\/v2\/posts\/3825\/revisions\/5445"}],"wp:featuredmedia":[{"embeddable":true,"href":"https:\/\/zeitzeugen-ludwigsburg-montbeliard.de\/fr\/wp-json\/wp\/v2\/media\/3826"}],"wp:attachment":[{"href":"https:\/\/zeitzeugen-ludwigsburg-montbeliard.de\/fr\/wp-json\/wp\/v2\/media?parent=3825"}],"wp:term":[{"taxonomy":"category","embeddable":true,"href":"https:\/\/zeitzeugen-ludwigsburg-montbeliard.de\/fr\/wp-json\/wp\/v2\/categories?post=3825"},{"taxonomy":"post_tag","embeddable":true,"href":"https:\/\/zeitzeugen-ludwigsburg-montbeliard.de\/fr\/wp-json\/wp\/v2\/tags?post=3825"}],"curies":[{"name":"wp","href":"https:\/\/api.w.org\/{rel}","templated":true}]}}