{"id":3799,"date":"2015-01-14T21:42:42","date_gmt":"2015-01-14T20:42:42","guid":{"rendered":"http:\/\/zeitzeugen-ludwigsburg-montbeliard.de\/?p=3799"},"modified":"2017-01-02T08:48:13","modified_gmt":"2017-01-02T07:48:13","slug":"andre-boillat-der-fussball-bringt-zusammen","status":"publish","type":"post","link":"https:\/\/zeitzeugen-ludwigsburg-montbeliard.de\/fr\/andre-boillat-der-fussball-bringt-zusammen\/","title":{"rendered":"Andr\u00e9 Boillat : \u00ab Le football rassemble \u00bb"},"content":{"rendered":"<p>Andr\u00e9 Boillat \u00e9tait l&rsquo;un des organisateurs des rencontres entre les \u00e9quipes de foot de Ludwigsburg et de Montb\u00e9liard qui eurent lieu deux fois par an, des ann\u00e9es 50 jusqu&rsquo;aux ann\u00e9es 80. Il a \u00e9t\u00e9 pendant longtemps directeur \u00e0 la maison des jeunes du FC Sochaux-Montb\u00e9liard, et pouvait sans probl\u00e8me, en tant que suisse-allemand, s&rsquo;entendre avec ses partenaires de Ludwigsburg.<\/p>\n<div id=\"attachment_3801\" style=\"width: 310px\" class=\"wp-caption alignright\"><a href=\"http:\/\/zeitzeugen-ludwigsburg-montbeliard.de\/wp-content\/uploads\/2015\/01\/boillat-hoheneck.png\" rel=\"prettyPhoto[3799]\"><img aria-describedby=\"caption-attachment-3801\" decoding=\"async\" loading=\"lazy\" class=\" wp-image-3801 \" title=\"Andr\u00e9 Boillat\" src=\"http:\/\/zeitzeugen-ludwigsburg-montbeliard.de\/wp-content\/uploads\/2015\/01\/boillat-hoheneck-500x261.png\" alt=\"boillat-hoheneck\" width=\"300\" height=\"157\" srcset=\"https:\/\/zeitzeugen-ludwigsburg-montbeliard.de\/wp-content\/uploads\/2015\/01\/boillat-hoheneck-500x261.png 500w, https:\/\/zeitzeugen-ludwigsburg-montbeliard.de\/wp-content\/uploads\/2015\/01\/boillat-hoheneck.png 765w\" sizes=\"(max-width: 300px) 100vw, 300px\" \/><\/a><p id=\"caption-attachment-3801\" class=\"wp-caption-text\">Andr\u00e9 Boillat (\u00e0 droite avec la cravate) en compagnie d&rsquo;une \u00e9quipe junior fran\u00e7aise en 1972 \u00e0 Ludwigsburg-Hoheneck.<\/p><\/div>\n<p>Dans une interview de 2010, alors \u00e2g\u00e9 de 87 ans, il se rappelle du premier match de foot \u00e0 Ludwigsburg: \u00ab L&rsquo;accueil des Allemands \u00e9tait chaleureux. Certains parents se faisaient du souci, mais les jeunes y allaient pour jouer au foot et rencontrer des amis. Les p\u00e8res de quelques enfants avaient \u00e9t\u00e9 faits prisonniers par les Allemands. Mais de \u00e7a, on n&rsquo;en parla pas, m\u00eame si tout n&rsquo;\u00e9tait pas oubli\u00e9.\u00a0\u00bb<\/p>\n<p>Boillat regretta que les \u00e9changes entre \u00e9quipes de foot se soit lentement un peu essouffl\u00e9 au millieu des ann\u00e9es 80. La reprise de l&rsquo;\u00e9change par le FB Bart lui rendit l&rsquo;espoir. En 2010, il put donner le coup d&rsquo;envoi lors d&rsquo;un match amical entre les \u00e9quipes juniors allemandes et fran\u00e7aises.<\/p>\n<p>_____<\/p>\n<p>Document vers le contenu :<\/p>\n<p><a href=\"http:\/\/ludwigsburg-montbeliard.bsz-bw.de\/jspview\/archive\/frei\/mobe-1949\/0\/2010_004.html\" target=\"_blank\">Le football qui rassemble<\/a>. &#8211; L&rsquo;Est R\u00e9publicain, 06.05.2010. &#8211; Provenance : Archives municipales Montb\u00e9liard<\/p>\n<p><a href=\"https:\/\/ludwigsburg-montbeliard.bsz-bw.de\/frontdoor\/index\/index\/docId\/985\" target=\"_blank\">Rencontre de football Hoheneck &#8211; FCSM juniors \u00e0 Ludwigsburg en 1972 (M. Boillat)<\/a>. &#8211; Foto, 1972. &#8211; Provenance : Archives Montb\u00e9liard<\/p>","protected":false},"excerpt":{"rendered":"<p>Andr\u00e9 Boillat \u00e9tait l&rsquo;un des organisateurs des rencontres entre les \u00e9quipes de foot de Ludwigsburg et de Montb\u00e9liard qui eurent lieu deux fois par an, des ann\u00e9es 50 jusqu&rsquo;aux ann\u00e9es 80. Il a \u00e9t\u00e9 pendant longtemps directeur \u00e0 la maison&#8230;<a class=\"more-link\" href=\"https:\/\/zeitzeugen-ludwigsburg-montbeliard.de\/fr\/andre-boillat-der-fussball-bringt-zusammen\/\">Mehr erfahren<\/a><\/p>\n","protected":false},"author":19,"featured_media":3800,"comment_status":"open","ping_status":"open","sticky":false,"template":"","format":"standard","meta":[],"categories":[4],"tags":[],"_links":{"self":[{"href":"https:\/\/zeitzeugen-ludwigsburg-montbeliard.de\/fr\/wp-json\/wp\/v2\/posts\/3799"}],"collection":[{"href":"https:\/\/zeitzeugen-ludwigsburg-montbeliard.de\/fr\/wp-json\/wp\/v2\/posts"}],"about":[{"href":"https:\/\/zeitzeugen-ludwigsburg-montbeliard.de\/fr\/wp-json\/wp\/v2\/types\/post"}],"author":[{"embeddable":true,"href":"https:\/\/zeitzeugen-ludwigsburg-montbeliard.de\/fr\/wp-json\/wp\/v2\/users\/19"}],"replies":[{"embeddable":true,"href":"https:\/\/zeitzeugen-ludwigsburg-montbeliard.de\/fr\/wp-json\/wp\/v2\/comments?post=3799"}],"version-history":[{"count":13,"href":"https:\/\/zeitzeugen-ludwigsburg-montbeliard.de\/fr\/wp-json\/wp\/v2\/posts\/3799\/revisions"}],"predecessor-version":[{"id":5663,"href":"https:\/\/zeitzeugen-ludwigsburg-montbeliard.de\/fr\/wp-json\/wp\/v2\/posts\/3799\/revisions\/5663"}],"wp:featuredmedia":[{"embeddable":true,"href":"https:\/\/zeitzeugen-ludwigsburg-montbeliard.de\/fr\/wp-json\/wp\/v2\/media\/3800"}],"wp:attachment":[{"href":"https:\/\/zeitzeugen-ludwigsburg-montbeliard.de\/fr\/wp-json\/wp\/v2\/media?parent=3799"}],"wp:term":[{"taxonomy":"category","embeddable":true,"href":"https:\/\/zeitzeugen-ludwigsburg-montbeliard.de\/fr\/wp-json\/wp\/v2\/categories?post=3799"},{"taxonomy":"post_tag","embeddable":true,"href":"https:\/\/zeitzeugen-ludwigsburg-montbeliard.de\/fr\/wp-json\/wp\/v2\/tags?post=3799"}],"curies":[{"name":"wp","href":"https:\/\/api.w.org\/{rel}","templated":true}]}}