{"id":3782,"date":"2015-01-14T17:32:11","date_gmt":"2015-01-14T16:32:11","guid":{"rendered":"http:\/\/zeitzeugen-ludwigsburg-montbeliard.de\/?p=3782"},"modified":"2022-08-17T13:12:00","modified_gmt":"2022-08-17T11:12:00","slug":"und-dabei-hat-man-ein-desinteresse-fuer-diesen-austausch-gespuert","status":"publish","type":"post","link":"https:\/\/zeitzeugen-ludwigsburg-montbeliard.de\/fr\/und-dabei-hat-man-ein-desinteresse-fuer-diesen-austausch-gespuert\/","title":{"rendered":"\u00ab Et on a senti qu&rsquo;il y avait une d\u00e9fection pour ces \u00e9changes&#8230; \u00bb"},"content":{"rendered":"<p><a title=\"Elfi und Jean-Jacques Claude\" href=\"http:\/\/zeitzeugen-ludwigsburg-montbeliard.de\/zeitzeuge\/elfi-und-jean-jacques-claude\/\">Elfi Claude<\/a> voit l&rsquo;avenir des \u00e9changes scolaires entre Ludwigsburg et Montb\u00e9liard de fa\u00e7on plut\u00f4t sceptique :<\/p>\n<p><strong><em>\u00ab\u00a0Il y a cinq ans, le lyc\u00e9e M\u00f6rike et le lyc\u00e9e Cuvier ont f\u00eat\u00e9 les 50 ans de l&rsquo;\u00e9change scolaire. Il y a eu une grande f\u00eate, o\u00f9 l&rsquo;on \u00e9tait invit\u00e9 bien s\u00fbr, et o\u00f9 il y avait des \u00e9l\u00e8ves qui \u00e9taient l\u00e0, des premiers \u00e9changes et des derniers \u00e9changes. Et on a senti qu&rsquo;il y avait une d\u00e9fection pour ces \u00e9changes, qu&rsquo;on trouvait que ce n&rsquo;\u00e9tait plus la peine, qu&rsquo;il fallait faire des choses plus int\u00e9ressantes qu&rsquo;aller dans la ville jumelle.\u00a0\u00bb<\/em><\/strong><\/p>\n<p>Son mari fait remarquer que la r\u00e9alit\u00e9 a chang\u00e9 et s&rsquo;\u00e9loigne toujours un peu plus des st\u00e9r\u00e9otypes classiques :<\/p>\n<p><em><strong>\u00ab\u00a0Non mais le chapeau tyrolien, la pipe et le verre de bi\u00e8re, bon, ce n&rsquo;est plus \u00e7a.\u00a0 C&rsquo;est comme le Fran\u00e7ais, ce n&rsquo;est plus le b\u00e9ret basque et la baguette et la bouteille de rouge. C&rsquo;est pass\u00e9 tout \u00e7a, \u00e7a n&rsquo;a plus rien \u00e0 voir. C&rsquo;\u00e9tait un peu l&rsquo;image que l&rsquo;on avait.\u00a0\u00bb<\/strong><\/em><\/p>\n<p>Vous pouvez regarder l&rsquo;int\u00e9gralit\u00e9 de l&rsquo;entretien avec Elfi et Jean-Jacques Claude <a href=\"http:\/\/zeitzeugen-ludwigsburg-montbeliard.de\/zeitzeuge\/elfi-und-jean-jacques-claude\/\">avec sous titres<\/a> ou <a href=\"http:\/\/zeitzeugen-ludwigsburg-montbeliard.de\/elfi-und-jean-jacques-claude-ohne-untertitel\/\">sans sous-titres<\/a>.<\/p>","protected":false},"excerpt":{"rendered":"<p>Elfi Claude voit l&rsquo;avenir des \u00e9changes scolaires entre Ludwigsburg et Montb\u00e9liard de fa\u00e7on plut\u00f4t sceptique : \u00ab\u00a0Il y a cinq ans, le lyc\u00e9e M\u00f6rike et le lyc\u00e9e Cuvier ont f\u00eat\u00e9 les 50 ans de l&rsquo;\u00e9change scolaire. Il y a eu&#8230;<a class=\"more-link\" href=\"https:\/\/zeitzeugen-ludwigsburg-montbeliard.de\/fr\/und-dabei-hat-man-ein-desinteresse-fuer-diesen-austausch-gespuert\/\">Mehr erfahren<\/a><\/p>\n","protected":false},"author":19,"featured_media":3821,"comment_status":"open","ping_status":"open","sticky":false,"template":"","format":"standard","meta":[],"categories":[1],"tags":[],"_links":{"self":[{"href":"https:\/\/zeitzeugen-ludwigsburg-montbeliard.de\/fr\/wp-json\/wp\/v2\/posts\/3782"}],"collection":[{"href":"https:\/\/zeitzeugen-ludwigsburg-montbeliard.de\/fr\/wp-json\/wp\/v2\/posts"}],"about":[{"href":"https:\/\/zeitzeugen-ludwigsburg-montbeliard.de\/fr\/wp-json\/wp\/v2\/types\/post"}],"author":[{"embeddable":true,"href":"https:\/\/zeitzeugen-ludwigsburg-montbeliard.de\/fr\/wp-json\/wp\/v2\/users\/19"}],"replies":[{"embeddable":true,"href":"https:\/\/zeitzeugen-ludwigsburg-montbeliard.de\/fr\/wp-json\/wp\/v2\/comments?post=3782"}],"version-history":[{"count":9,"href":"https:\/\/zeitzeugen-ludwigsburg-montbeliard.de\/fr\/wp-json\/wp\/v2\/posts\/3782\/revisions"}],"predecessor-version":[{"id":6133,"href":"https:\/\/zeitzeugen-ludwigsburg-montbeliard.de\/fr\/wp-json\/wp\/v2\/posts\/3782\/revisions\/6133"}],"wp:featuredmedia":[{"embeddable":true,"href":"https:\/\/zeitzeugen-ludwigsburg-montbeliard.de\/fr\/wp-json\/wp\/v2\/media\/3821"}],"wp:attachment":[{"href":"https:\/\/zeitzeugen-ludwigsburg-montbeliard.de\/fr\/wp-json\/wp\/v2\/media?parent=3782"}],"wp:term":[{"taxonomy":"category","embeddable":true,"href":"https:\/\/zeitzeugen-ludwigsburg-montbeliard.de\/fr\/wp-json\/wp\/v2\/categories?post=3782"},{"taxonomy":"post_tag","embeddable":true,"href":"https:\/\/zeitzeugen-ludwigsburg-montbeliard.de\/fr\/wp-json\/wp\/v2\/tags?post=3782"}],"curies":[{"name":"wp","href":"https:\/\/api.w.org\/{rel}","templated":true}]}}