{"id":3775,"date":"2015-01-14T17:14:03","date_gmt":"2015-01-14T16:14:03","guid":{"rendered":"http:\/\/zeitzeugen-ludwigsburg-montbeliard.de\/?p=3775"},"modified":"2022-08-17T16:32:48","modified_gmt":"2022-08-17T14:32:48","slug":"zukunftsfaehig","status":"publish","type":"post","link":"https:\/\/zeitzeugen-ludwigsburg-montbeliard.de\/fr\/zukunftsfaehig\/","title":{"rendered":"\u00ab Je pense que c&rsquo;est tr\u00e8s important pour l&rsquo;avenir ! \u00bb"},"content":{"rendered":"<p><a title=\"Erich Knau\u00df\" href=\"http:\/\/zeitzeugen-ludwigsburg-montbeliard.de\/zeitzeuge\/erich-knauss\/\">Erich Knau\u00df<\/a> croit en l&rsquo;avenir des \u00e9changes scolaires :<\/p>\n<p><strong><em>\u00ab Aujourd&rsquo;hui encore, je pense que dans les \u00e9changes, outre le fait d&rsquo;apprendre \u00e0 conna\u00eetre la vie familiale et scolaire fran\u00e7aise, il est tr\u00e8s important d&rsquo;entreprendre quelque chose en commun. Ce peut \u00eatre un projet th\u00e9\u00e2tral, ou bien une interview ou un projet sportif. Je pense que c&rsquo;est tr\u00e8s important pour l&rsquo;avenir ! \u00bb<br \/>\n<\/em><\/strong><\/p>\n<p>Vous pouvez regarder l&rsquo;int\u00e9gralit\u00e9 de l&rsquo;entretien avec Erich Knau\u00df <a href=\"http:\/\/zeitzeugen-ludwigsburg-montbeliard.de\/zeitzeuge\/erich-knauss\/\">avec sous titres<\/a> ou <a href=\"http:\/\/zeitzeugen-ludwigsburg-montbeliard.de\/erich-knauss-ohne-untertitel\/\">sans sous-titres<\/a>.<\/p>","protected":false},"excerpt":{"rendered":"<p>Erich Knau\u00df croit en l&rsquo;avenir des \u00e9changes scolaires : \u00ab Aujourd&rsquo;hui encore, je pense que dans les \u00e9changes, outre le fait d&rsquo;apprendre \u00e0 conna\u00eetre la vie familiale et scolaire fran\u00e7aise, il est tr\u00e8s important d&rsquo;entreprendre quelque chose en commun. Ce&#8230;<a class=\"more-link\" href=\"https:\/\/zeitzeugen-ludwigsburg-montbeliard.de\/fr\/zukunftsfaehig\/\">Mehr erfahren<\/a><\/p>\n","protected":false},"author":19,"featured_media":3777,"comment_status":"open","ping_status":"open","sticky":false,"template":"","format":"standard","meta":[],"categories":[1],"tags":[],"_links":{"self":[{"href":"https:\/\/zeitzeugen-ludwigsburg-montbeliard.de\/fr\/wp-json\/wp\/v2\/posts\/3775"}],"collection":[{"href":"https:\/\/zeitzeugen-ludwigsburg-montbeliard.de\/fr\/wp-json\/wp\/v2\/posts"}],"about":[{"href":"https:\/\/zeitzeugen-ludwigsburg-montbeliard.de\/fr\/wp-json\/wp\/v2\/types\/post"}],"author":[{"embeddable":true,"href":"https:\/\/zeitzeugen-ludwigsburg-montbeliard.de\/fr\/wp-json\/wp\/v2\/users\/19"}],"replies":[{"embeddable":true,"href":"https:\/\/zeitzeugen-ludwigsburg-montbeliard.de\/fr\/wp-json\/wp\/v2\/comments?post=3775"}],"version-history":[{"count":15,"href":"https:\/\/zeitzeugen-ludwigsburg-montbeliard.de\/fr\/wp-json\/wp\/v2\/posts\/3775\/revisions"}],"predecessor-version":[{"id":6138,"href":"https:\/\/zeitzeugen-ludwigsburg-montbeliard.de\/fr\/wp-json\/wp\/v2\/posts\/3775\/revisions\/6138"}],"wp:featuredmedia":[{"embeddable":true,"href":"https:\/\/zeitzeugen-ludwigsburg-montbeliard.de\/fr\/wp-json\/wp\/v2\/media\/3777"}],"wp:attachment":[{"href":"https:\/\/zeitzeugen-ludwigsburg-montbeliard.de\/fr\/wp-json\/wp\/v2\/media?parent=3775"}],"wp:term":[{"taxonomy":"category","embeddable":true,"href":"https:\/\/zeitzeugen-ludwigsburg-montbeliard.de\/fr\/wp-json\/wp\/v2\/categories?post=3775"},{"taxonomy":"post_tag","embeddable":true,"href":"https:\/\/zeitzeugen-ludwigsburg-montbeliard.de\/fr\/wp-json\/wp\/v2\/tags?post=3775"}],"curies":[{"name":"wp","href":"https:\/\/api.w.org\/{rel}","templated":true}]}}