{"id":3698,"date":"2015-01-13T21:55:51","date_gmt":"2015-01-13T20:55:51","guid":{"rendered":"http:\/\/zeitzeugen-ludwigsburg-montbeliard.de\/?p=3698"},"modified":"2016-12-19T12:29:35","modified_gmt":"2016-12-19T11:29:35","slug":"schillerwein-aus-montbeliard","status":"publish","type":"post","link":"https:\/\/zeitzeugen-ludwigsburg-montbeliard.de\/fr\/schillerwein-aus-montbeliard\/","title":{"rendered":"Le vin Schiller de Montb\u00e9liard"},"content":{"rendered":"<p>En octobre se sont d\u00e9roul\u00e8rent les vendanges dans le premier vignoble urbain de Montb\u00e9liard. Les maires Jacques H\u00e9lias et Hans Schmid d\u00e9clar\u00e8rent, avec la duchesse Diane et le Duc Michael de Wurtemberg, la saison des vendanges ouverte.<\/p>\n<p>\u00c0 cette occasion fut inaugur\u00e9 le cabanon de vignoble nouvellement construit (lui aussi produit du jumelage). Des collaborateurs des services municipaux de Montb\u00e9liard avaient d&rsquo;abord r\u00e9alis\u00e9 le gros-oeuvre. Des apprentis en ma\u00e7onnerie et en charpente de l&rsquo;\u00e9cole Oskar-Walker de Ludwigsburg \u00e9taient ensuite partis \u00e0 Montb\u00e9liard pour b\u00e2tir le cabanon.<\/p>\n<p>_____<\/p>\n<p>Document vers le contenu : <a href=\"http:\/\/ludwigsburg-montbeliard.bsz-bw.de\/jspview\/archive\/frei\/dfi-487\/0\/Schillerwein.html\" target=\"_blank\">Schillerwein aus Montb\u00e9liard<\/a>. &#8211; Ludwigsburger Kreiszeitung, 25.10.2010. &#8211; Provenance : Deutsch-Franz\u00f6sisches Institut, Pressearchiv.<\/p>","protected":false},"excerpt":{"rendered":"<p>En octobre se sont d\u00e9roul\u00e8rent les vendanges dans le premier vignoble urbain de Montb\u00e9liard. Les maires Jacques H\u00e9lias et Hans Schmid d\u00e9clar\u00e8rent, avec la duchesse Diane et le Duc Michael de Wurtemberg, la saison des vendanges ouverte. \u00c0 cette occasion&#8230;<a class=\"more-link\" href=\"https:\/\/zeitzeugen-ludwigsburg-montbeliard.de\/fr\/schillerwein-aus-montbeliard\/\">Mehr erfahren<\/a><\/p>\n","protected":false},"author":19,"featured_media":410,"comment_status":"open","ping_status":"open","sticky":false,"template":"","format":"standard","meta":[],"categories":[9],"tags":[],"_links":{"self":[{"href":"https:\/\/zeitzeugen-ludwigsburg-montbeliard.de\/fr\/wp-json\/wp\/v2\/posts\/3698"}],"collection":[{"href":"https:\/\/zeitzeugen-ludwigsburg-montbeliard.de\/fr\/wp-json\/wp\/v2\/posts"}],"about":[{"href":"https:\/\/zeitzeugen-ludwigsburg-montbeliard.de\/fr\/wp-json\/wp\/v2\/types\/post"}],"author":[{"embeddable":true,"href":"https:\/\/zeitzeugen-ludwigsburg-montbeliard.de\/fr\/wp-json\/wp\/v2\/users\/19"}],"replies":[{"embeddable":true,"href":"https:\/\/zeitzeugen-ludwigsburg-montbeliard.de\/fr\/wp-json\/wp\/v2\/comments?post=3698"}],"version-history":[{"count":10,"href":"https:\/\/zeitzeugen-ludwigsburg-montbeliard.de\/fr\/wp-json\/wp\/v2\/posts\/3698\/revisions"}],"predecessor-version":[{"id":5496,"href":"https:\/\/zeitzeugen-ludwigsburg-montbeliard.de\/fr\/wp-json\/wp\/v2\/posts\/3698\/revisions\/5496"}],"wp:featuredmedia":[{"embeddable":true,"href":"https:\/\/zeitzeugen-ludwigsburg-montbeliard.de\/fr\/wp-json\/wp\/v2\/media\/410"}],"wp:attachment":[{"href":"https:\/\/zeitzeugen-ludwigsburg-montbeliard.de\/fr\/wp-json\/wp\/v2\/media?parent=3698"}],"wp:term":[{"taxonomy":"category","embeddable":true,"href":"https:\/\/zeitzeugen-ludwigsburg-montbeliard.de\/fr\/wp-json\/wp\/v2\/categories?post=3698"},{"taxonomy":"post_tag","embeddable":true,"href":"https:\/\/zeitzeugen-ludwigsburg-montbeliard.de\/fr\/wp-json\/wp\/v2\/tags?post=3698"}],"curies":[{"name":"wp","href":"https:\/\/api.w.org\/{rel}","templated":true}]}}