{"id":3536,"date":"2015-01-12T23:59:04","date_gmt":"2015-01-12T21:59:04","guid":{"rendered":"http:\/\/zeitzeugen-ludwigsburg-montbeliard.de\/?p=3536"},"modified":"2015-11-18T14:40:59","modified_gmt":"2015-11-18T13:40:59","slug":"eine-staedtepartnerschaft-ist-nicht-die-sache-zweier-buergermeister","status":"publish","type":"post","link":"https:\/\/zeitzeugen-ludwigsburg-montbeliard.de\/fr\/eine-staedtepartnerschaft-ist-nicht-die-sache-zweier-buergermeister\/","title":{"rendered":"\u00abUn jumelage, \u00e7a n&rsquo;est pas l&rsquo;affaire d&rsquo;un maire avec un autre maire \u00bb"},"content":{"rendered":"<p><strong>\u00ab\u00a0Mais il fallait aussi gagner l&rsquo;esprit des gens, parce qu&rsquo;un jumelage, \u00e7a n&rsquo;est pas l&rsquo;affaire d&rsquo;un maire avec un autre maire. C&rsquo;est l&rsquo;affaire d&rsquo;un maire qui repr\u00e9sente une population, qui repr\u00e9sente donc quelque chose qui \u00e9mane de la population.\u00a0 Et je crois que c&rsquo;\u00e9tait vraiment l\u00e0 le souci qui \u00e9tait le mien. C&rsquo;est de faire adh\u00e9rer la population, de faire adh\u00e9rer les soci\u00e9t\u00e9s sportives, de faire adh\u00e9rer les soci\u00e9t\u00e9s musicales,\u00a0 de faire adh\u00e9rer les employ\u00e9s de la ville,\u00a0 de faire adh\u00e9rer les employ\u00e9s de certains secteurs, de jardinage par exemple, et c&rsquo;\u00e9tait l\u00e0 qu&rsquo;il fallait gagner les esprits.\u00a0\u00bb<\/strong><\/p>\n<p><a title=\"Louis Souvet\" href=\"http:\/\/zeitzeugen-ludwigsburg-montbeliard.de\/zeitzeuge\/louis-souvet\/\" target=\"_blank\">Louis Souvet<\/a> fut maire de Montb\u00e9liard de 1989 \u00e0 2008. Il voulait pousser les gens \u00e0 agir activement en participant \u00e0 l&rsquo;organisation du jumelage.<\/p>\n<p>Vous pouvez regarder l&rsquo;int\u00e9gralit\u00e9 de l&rsquo;entretien avec Louis Souvet <a href=\"http:\/\/zeitzeugen-ludwigsburg-montbeliard.de\/zeitzeuge\/louis-souvet\/\"> avec sous titres<\/a> ou <a href=\"http:\/\/zeitzeugen-ludwigsburg-montbeliard.de\/louis-souvet-ohne-untertitel\/\">sans sous-titres<\/a>.<\/p>","protected":false},"excerpt":{"rendered":"<p>\u00ab\u00a0Mais il fallait aussi gagner l&rsquo;esprit des gens, parce qu&rsquo;un jumelage, \u00e7a n&rsquo;est pas l&rsquo;affaire d&rsquo;un maire avec un autre maire. C&rsquo;est l&rsquo;affaire d&rsquo;un maire qui repr\u00e9sente une population, qui repr\u00e9sente donc quelque chose qui \u00e9mane de la population.\u00a0 Et&#8230;<a class=\"more-link\" href=\"https:\/\/zeitzeugen-ludwigsburg-montbeliard.de\/fr\/eine-staedtepartnerschaft-ist-nicht-die-sache-zweier-buergermeister\/\">Mehr erfahren<\/a><\/p>\n","protected":false},"author":19,"featured_media":3538,"comment_status":"open","ping_status":"open","sticky":false,"template":"","format":"standard","meta":[],"categories":[16],"tags":[],"_links":{"self":[{"href":"https:\/\/zeitzeugen-ludwigsburg-montbeliard.de\/fr\/wp-json\/wp\/v2\/posts\/3536"}],"collection":[{"href":"https:\/\/zeitzeugen-ludwigsburg-montbeliard.de\/fr\/wp-json\/wp\/v2\/posts"}],"about":[{"href":"https:\/\/zeitzeugen-ludwigsburg-montbeliard.de\/fr\/wp-json\/wp\/v2\/types\/post"}],"author":[{"embeddable":true,"href":"https:\/\/zeitzeugen-ludwigsburg-montbeliard.de\/fr\/wp-json\/wp\/v2\/users\/19"}],"replies":[{"embeddable":true,"href":"https:\/\/zeitzeugen-ludwigsburg-montbeliard.de\/fr\/wp-json\/wp\/v2\/comments?post=3536"}],"version-history":[{"count":13,"href":"https:\/\/zeitzeugen-ludwigsburg-montbeliard.de\/fr\/wp-json\/wp\/v2\/posts\/3536\/revisions"}],"predecessor-version":[{"id":5437,"href":"https:\/\/zeitzeugen-ludwigsburg-montbeliard.de\/fr\/wp-json\/wp\/v2\/posts\/3536\/revisions\/5437"}],"wp:featuredmedia":[{"embeddable":true,"href":"https:\/\/zeitzeugen-ludwigsburg-montbeliard.de\/fr\/wp-json\/wp\/v2\/media\/3538"}],"wp:attachment":[{"href":"https:\/\/zeitzeugen-ludwigsburg-montbeliard.de\/fr\/wp-json\/wp\/v2\/media?parent=3536"}],"wp:term":[{"taxonomy":"category","embeddable":true,"href":"https:\/\/zeitzeugen-ludwigsburg-montbeliard.de\/fr\/wp-json\/wp\/v2\/categories?post=3536"},{"taxonomy":"post_tag","embeddable":true,"href":"https:\/\/zeitzeugen-ludwigsburg-montbeliard.de\/fr\/wp-json\/wp\/v2\/tags?post=3536"}],"curies":[{"name":"wp","href":"https:\/\/api.w.org\/{rel}","templated":true}]}}