{"id":338,"date":"2014-12-03T18:19:56","date_gmt":"2014-12-03T16:19:56","guid":{"rendered":"http:\/\/zeitzeugen-ludwigsburg-montbeliard.de\/?p=338"},"modified":"2015-08-25T08:29:24","modified_gmt":"2015-08-25T06:29:24","slug":"urkunde-zur-benennung-der-moempelgarder-strasse","status":"publish","type":"post","link":"https:\/\/zeitzeugen-ludwigsburg-montbeliard.de\/fr\/urkunde-zur-benennung-der-moempelgarder-strasse\/","title":{"rendered":"Acte officiel de bapt\u00eame de la rue de Montb\u00e9liard \u00e0 Ludwigsburg"},"content":{"rendered":"<p>Le conseil municipal a d\u00e9cid\u00e9 \u00e0 l&rsquo;unanimit\u00e9, lors de sa r\u00e9union du 8 mai 1958, de renommer \u00ab\u00a0M\u00f6mpelgarder Stra\u00dfe\u00a0\u00bb la rue se situant c\u00f4t\u00e9 est du jardin du ch\u00e2teau afin d&rsquo;exprimer par l\u00e0 ses rapports historiques et amicaux avec la ville de Montb\u00e9liard.<\/p>\n<p>Document vers le contenu : <a href=\"http:\/\/ludwigsburg-montbeliard.bsz-bw.de\/archive\/frei\/mobe-666\/0\/1958_001_OCR.pdf\" target=\"_blank\">Die Urkunde im digitalen Lesesaal zur St\u00e4dtepartnerschaft Ludwigsburg &#8211; Montb\u00e9liard (PDF)<\/a>. &#8211; Urkunde, 1958. &#8211; Provenance : Archives Montb\u00e9liard.<\/p>","protected":false},"excerpt":{"rendered":"<p>Le conseil municipal a d\u00e9cid\u00e9 \u00e0 l&rsquo;unanimit\u00e9, lors de sa r\u00e9union du 8 mai 1958, de renommer \u00ab\u00a0M\u00f6mpelgarder Stra\u00dfe\u00a0\u00bb la rue se situant c\u00f4t\u00e9 est du jardin du ch\u00e2teau afin d&rsquo;exprimer par l\u00e0 ses rapports historiques et amicaux avec la&#8230;<a class=\"more-link\" href=\"https:\/\/zeitzeugen-ludwigsburg-montbeliard.de\/fr\/urkunde-zur-benennung-der-moempelgarder-strasse\/\">Mehr erfahren<\/a><\/p>\n","protected":false},"author":19,"featured_media":339,"comment_status":"open","ping_status":"open","sticky":false,"template":"","format":"standard","meta":[],"categories":[16],"tags":[],"_links":{"self":[{"href":"https:\/\/zeitzeugen-ludwigsburg-montbeliard.de\/fr\/wp-json\/wp\/v2\/posts\/338"}],"collection":[{"href":"https:\/\/zeitzeugen-ludwigsburg-montbeliard.de\/fr\/wp-json\/wp\/v2\/posts"}],"about":[{"href":"https:\/\/zeitzeugen-ludwigsburg-montbeliard.de\/fr\/wp-json\/wp\/v2\/types\/post"}],"author":[{"embeddable":true,"href":"https:\/\/zeitzeugen-ludwigsburg-montbeliard.de\/fr\/wp-json\/wp\/v2\/users\/19"}],"replies":[{"embeddable":true,"href":"https:\/\/zeitzeugen-ludwigsburg-montbeliard.de\/fr\/wp-json\/wp\/v2\/comments?post=338"}],"version-history":[{"count":12,"href":"https:\/\/zeitzeugen-ludwigsburg-montbeliard.de\/fr\/wp-json\/wp\/v2\/posts\/338\/revisions"}],"predecessor-version":[{"id":5119,"href":"https:\/\/zeitzeugen-ludwigsburg-montbeliard.de\/fr\/wp-json\/wp\/v2\/posts\/338\/revisions\/5119"}],"wp:featuredmedia":[{"embeddable":true,"href":"https:\/\/zeitzeugen-ludwigsburg-montbeliard.de\/fr\/wp-json\/wp\/v2\/media\/339"}],"wp:attachment":[{"href":"https:\/\/zeitzeugen-ludwigsburg-montbeliard.de\/fr\/wp-json\/wp\/v2\/media?parent=338"}],"wp:term":[{"taxonomy":"category","embeddable":true,"href":"https:\/\/zeitzeugen-ludwigsburg-montbeliard.de\/fr\/wp-json\/wp\/v2\/categories?post=338"},{"taxonomy":"post_tag","embeddable":true,"href":"https:\/\/zeitzeugen-ludwigsburg-montbeliard.de\/fr\/wp-json\/wp\/v2\/tags?post=338"}],"curies":[{"name":"wp","href":"https:\/\/api.w.org\/{rel}","templated":true}]}}