{"id":301,"date":"2014-12-03T13:12:39","date_gmt":"2014-12-03T11:12:39","guid":{"rendered":"http:\/\/zeitzeugen-ludwigsburg-montbeliard.de\/?p=301"},"modified":"2015-11-18T14:58:26","modified_gmt":"2015-11-18T13:58:26","slug":"60-jaehriges-jubilaeum","status":"publish","type":"post","link":"https:\/\/zeitzeugen-ludwigsburg-montbeliard.de\/fr\/60-jaehriges-jubilaeum\/","title":{"rendered":"\u00ab Des colombes bien nourries \u00bb"},"content":{"rendered":"<p>Extrait de l&rsquo;interview de madame Ri\u00e8me et de monsierur Saulnier (voir ci-dessous la vid\u00e9o enti\u00e8re) :<\/p>\n<p><strong>Mme. Ri\u00e8me: <\/strong>Et effectivement, le jour o\u00f9 les deux maires sont arriv\u00e9s, il n&rsquo;y avait pas de colombes en &lsquo;Allemagne, mais seulement des pigeons blancs.<\/p>\n<p><strong>M. Saulnier<\/strong>: Qui se ressemblent\u2026 Ca revient au m\u00eame.<\/p>\n<p><strong>Mme. Ri\u00e8me: <\/strong>Oui, mais quand les maires, M. Spec et M. H\u00e9lias ont vu faire s&rsquo;envoler les pigeons, ils ne voulaient pas partir parce qu&rsquo;ils \u00e9taient bien nourris dans leur cage\u00a0!<\/p>\n<p>Vous pouvez regarder l&rsquo;int\u00e9gralit\u00e9 de l&rsquo;entretien avec Claudia Ri\u00e8me et Thierry Saulnier <a href=\"http:\/\/zeitzeugen-ludwigsburg-montbeliard.de\/zeitzeuge\/claudia-rieme-und-thierry-saulnier\/\">avec sous titres<\/a> ou <a href=\"http:\/\/zeitzeugen-ludwigsburg-montbeliard.de\/claudia-rieme-und-thierry-saulnier\/\">sans sous-titres<\/a>.<\/p>","protected":false},"excerpt":{"rendered":"<p>Extrait de l&rsquo;interview de madame Ri\u00e8me et de monsierur Saulnier (voir ci-dessous la vid\u00e9o enti\u00e8re) : Mme. Ri\u00e8me: Et effectivement, le jour o\u00f9 les deux maires sont arriv\u00e9s, il n&rsquo;y avait pas de colombes en &lsquo;Allemagne, mais seulement des pigeons&#8230;<a class=\"more-link\" href=\"https:\/\/zeitzeugen-ludwigsburg-montbeliard.de\/fr\/60-jaehriges-jubilaeum\/\">Mehr erfahren<\/a><\/p>\n","protected":false},"author":8,"featured_media":883,"comment_status":"open","ping_status":"open","sticky":false,"template":"","format":"standard","meta":[],"categories":[16],"tags":[],"_links":{"self":[{"href":"https:\/\/zeitzeugen-ludwigsburg-montbeliard.de\/fr\/wp-json\/wp\/v2\/posts\/301"}],"collection":[{"href":"https:\/\/zeitzeugen-ludwigsburg-montbeliard.de\/fr\/wp-json\/wp\/v2\/posts"}],"about":[{"href":"https:\/\/zeitzeugen-ludwigsburg-montbeliard.de\/fr\/wp-json\/wp\/v2\/types\/post"}],"author":[{"embeddable":true,"href":"https:\/\/zeitzeugen-ludwigsburg-montbeliard.de\/fr\/wp-json\/wp\/v2\/users\/8"}],"replies":[{"embeddable":true,"href":"https:\/\/zeitzeugen-ludwigsburg-montbeliard.de\/fr\/wp-json\/wp\/v2\/comments?post=301"}],"version-history":[{"count":22,"href":"https:\/\/zeitzeugen-ludwigsburg-montbeliard.de\/fr\/wp-json\/wp\/v2\/posts\/301\/revisions"}],"predecessor-version":[{"id":5443,"href":"https:\/\/zeitzeugen-ludwigsburg-montbeliard.de\/fr\/wp-json\/wp\/v2\/posts\/301\/revisions\/5443"}],"wp:featuredmedia":[{"embeddable":true,"href":"https:\/\/zeitzeugen-ludwigsburg-montbeliard.de\/fr\/wp-json\/wp\/v2\/media\/883"}],"wp:attachment":[{"href":"https:\/\/zeitzeugen-ludwigsburg-montbeliard.de\/fr\/wp-json\/wp\/v2\/media?parent=301"}],"wp:term":[{"taxonomy":"category","embeddable":true,"href":"https:\/\/zeitzeugen-ludwigsburg-montbeliard.de\/fr\/wp-json\/wp\/v2\/categories?post=301"},{"taxonomy":"post_tag","embeddable":true,"href":"https:\/\/zeitzeugen-ludwigsburg-montbeliard.de\/fr\/wp-json\/wp\/v2\/tags?post=301"}],"curies":[{"name":"wp","href":"https:\/\/api.w.org\/{rel}","templated":true}]}}