{"id":2991,"date":"2015-01-07T10:09:20","date_gmt":"2015-01-07T08:09:20","guid":{"rendered":"http:\/\/zeitzeugen-ludwigsburg-montbeliard.de\/?p=2991"},"modified":"2015-08-22T18:56:51","modified_gmt":"2015-08-22T16:56:51","slug":"zeittafel","status":"publish","type":"post","link":"https:\/\/zeitzeugen-ludwigsburg-montbeliard.de\/fr\/zeittafel\/","title":{"rendered":"Tableau chronologique"},"content":{"rendered":"<p>1397 : Promesse de mariage entre Eberhard IV. de Wurtemberg et Henriette de Montb\u00e9liard<\/p>\n<p>1407 : Mariage d&rsquo;Eberhard IV. de Wurtemberg avec Henriette de Montb\u00e9liard<\/p>\n<p>1419 : Mort d&rsquo;Eberhard IV. de Wurtemberg<\/p>\n<p>1444 : Mort d&rsquo;Henriette de Montb\u00e9liard<\/p>\n<p>1446 : Partage de l&rsquo;h\u00e9ritage montb\u00e9liardais<\/p>\n<p>1473 : Trait\u00e9 d&rsquo;Urach : le comte Heinrich h\u00e9rite de Montb\u00e9liard<\/p>\n<p>1482 : Trait\u00e9 de M\u00fcnsingen : r\u00e9unification du Wurtemberg entre les mains du comte Eberhard l&rsquo;Ancien<\/p>\n<p>1519 : Fuite du duc Ulrich \u00e0 Montb\u00e9liard<\/p>\n<p>1524 : Lancement de la R\u00e9forme protestante \u00e0 Montb\u00e9liard par le duc Ulrich<\/p>\n<p>1534 : Retour du Wurttemberg sous la houlette du\u00a0duc Ulrich<\/p>\n<p>1581 -1608 : R\u00e8gne du duc Friedrich 1er \u00e0 Montb\u00e9liard<\/p>\n<p>1678 : Trait\u00e9 de Nijmwegen : Montb\u00e9liard est cern\u00e9 par les possessions fran\u00e7aises<\/p>\n<p>1697 : Trait\u00e9 de Ryswick : la France renonce \u00e0 prendre le pouvoir sur Montb\u00e9liard<\/p>\n<p>1748 : Le roi de France, Louis XV, s&#8217;empare de la souverainet\u00e9 de Montb\u00e9liard<\/p>\n<p>1769 : Le duc Friedrich Eug\u00e8ne installe sa r\u00e9sidence \u00e0 Montb\u00e9liard<\/p>\n<p>1792\/93 : Occupation de Montb\u00e9liard par les troupes fran\u00e7aises<\/p>\n<p>1796 : Paix s\u00e9par\u00e9e de Paris : Friedrich Eug\u00e8ne c\u00e8de\u00a0\u00e0 la France les territoires situ\u00e9s \u00e0 l&rsquo;ouest du Rhin.<\/p>\n<p>1803 : Rec\u00e8s de la di\u00e8te de Ratisbonne : le Wurttemberg re\u00e7oit des d\u00e9dommagements pour la perte de ses territoires \u00e0 l&rsquo;Ouest du Rhin<\/p>\n<p>1950 : Jumelage entre Montb\u00e9liard et Ludwigsburg<\/p>\n<p>______<\/p>\n<p>Tableau chronologique et graphique tir\u00e9s de : <strong>W\u00fcrttemberg und M\u00f6mpelgard &#8211; 600 Jahre Begegnung<\/strong> : Katalog zur Ausstellung des Hauptstaatsarchivs Stuttgart; [in Montb\u00e9liard, Mus\u00e9e Beurnier, 10. Juni &#8211; 24. September 2000] \/ bearb. von Peter R\u00fcckert unter Mitarb. von Christine B\u00fchrlen-Grabinger &#8230; &#8211; Stuttgart : Hauptstaatsarchiv, 2000. &#8211; ISBN: 3-00-006062-6. &#8211; S. 16, 87.<\/p>","protected":false},"excerpt":{"rendered":"<p>1397 : Promesse de mariage entre Eberhard IV. de Wurtemberg et Henriette de Montb\u00e9liard 1407 : Mariage d&rsquo;Eberhard IV. de Wurtemberg avec Henriette de Montb\u00e9liard 1419 : Mort d&rsquo;Eberhard IV. de Wurtemberg 1444 : Mort d&rsquo;Henriette de Montb\u00e9liard 1446 :&#8230;<a class=\"more-link\" href=\"https:\/\/zeitzeugen-ludwigsburg-montbeliard.de\/fr\/zeittafel\/\">Mehr erfahren<\/a><\/p>\n","protected":false},"author":3,"featured_media":3443,"comment_status":"open","ping_status":"open","sticky":false,"template":"","format":"standard","meta":[],"categories":[15],"tags":[],"_links":{"self":[{"href":"https:\/\/zeitzeugen-ludwigsburg-montbeliard.de\/fr\/wp-json\/wp\/v2\/posts\/2991"}],"collection":[{"href":"https:\/\/zeitzeugen-ludwigsburg-montbeliard.de\/fr\/wp-json\/wp\/v2\/posts"}],"about":[{"href":"https:\/\/zeitzeugen-ludwigsburg-montbeliard.de\/fr\/wp-json\/wp\/v2\/types\/post"}],"author":[{"embeddable":true,"href":"https:\/\/zeitzeugen-ludwigsburg-montbeliard.de\/fr\/wp-json\/wp\/v2\/users\/3"}],"replies":[{"embeddable":true,"href":"https:\/\/zeitzeugen-ludwigsburg-montbeliard.de\/fr\/wp-json\/wp\/v2\/comments?post=2991"}],"version-history":[{"count":14,"href":"https:\/\/zeitzeugen-ludwigsburg-montbeliard.de\/fr\/wp-json\/wp\/v2\/posts\/2991\/revisions"}],"predecessor-version":[{"id":5064,"href":"https:\/\/zeitzeugen-ludwigsburg-montbeliard.de\/fr\/wp-json\/wp\/v2\/posts\/2991\/revisions\/5064"}],"wp:featuredmedia":[{"embeddable":true,"href":"https:\/\/zeitzeugen-ludwigsburg-montbeliard.de\/fr\/wp-json\/wp\/v2\/media\/3443"}],"wp:attachment":[{"href":"https:\/\/zeitzeugen-ludwigsburg-montbeliard.de\/fr\/wp-json\/wp\/v2\/media?parent=2991"}],"wp:term":[{"taxonomy":"category","embeddable":true,"href":"https:\/\/zeitzeugen-ludwigsburg-montbeliard.de\/fr\/wp-json\/wp\/v2\/categories?post=2991"},{"taxonomy":"post_tag","embeddable":true,"href":"https:\/\/zeitzeugen-ludwigsburg-montbeliard.de\/fr\/wp-json\/wp\/v2\/tags?post=2991"}],"curies":[{"name":"wp","href":"https:\/\/api.w.org\/{rel}","templated":true}]}}