{"id":2741,"date":"2015-01-02T14:10:48","date_gmt":"2015-01-02T12:10:48","guid":{"rendered":"http:\/\/zeitzeugen-ludwigsburg-montbeliard.de\/?p=2741"},"modified":"2016-12-23T12:38:52","modified_gmt":"2016-12-23T11:38:52","slug":"arbeitslose-ohne-grenzen","status":"publish","type":"post","link":"https:\/\/zeitzeugen-ludwigsburg-montbeliard.de\/fr\/arbeitslose-ohne-grenzen\/","title":{"rendered":"Ch\u00f4meurs sans fronti\u00e8res"},"content":{"rendered":"<p>En 1992, \u00e0 Ludwigsburg, qui comptait alors 83.000 d&rsquo;habitants, le taux de ch\u00f4mage \u00e9tait de 3,4%. Ce sont les femmes et les personnes de plus de 40 ans qui \u00e9taient le plus souvent touch\u00e9s.<\/p>\n<p>Cette ann\u00e9e-l\u00e0, avec le jumelage de Montb\u00e9liard, un \u00e9change entre ch\u00f4meurs fut organis\u00e9 pour la premi\u00e8re fois, et c&rsquo;est ainsi que 15 Allemands en recherche d&#8217;emplois se rendirent \u00e0 Montb\u00e9liard pour une semaine. Ils souhaitaient mieux conna\u00eetre la situation \u00e9conomique et le syst\u00e8me social fran\u00e7ais.<\/p>\n<p>L&rsquo;initiative en revint \u00e0 madame B\u00f6ttle, responsable de l&rsquo;agence pour l&#8217;emploi \u00e0 Ludwigsburg, qui apparut lors d&rsquo;une rencontre avec le d\u00e9partement culturel de Montb\u00e9liard.<\/p>\n<p>Le quotidien \u00ab\u00a0Le Pays\u00a0\u00bb \u00e9voque en d\u00e9tail cette rencontre.<\/p>\n<p><strong>_____<\/strong><\/p>\n<p><strong>Document vers le contenu :<\/strong><br \/>\n<a href=\"https:\/\/ludwigsburg-montbeliard.bsz-bw.de\/frontdoor\/index\/index\/docId\/1455\" target=\"_blank\">\u00ab\u00a0Ch\u00f4meurs sans fronti\u00e8res\u00a0\u00bb<\/a>. &#8211; Le Pays, 1992. &#8211; Provenance : Archives municipales Montb\u00e9liard.<\/p>","protected":false},"excerpt":{"rendered":"","protected":false},"author":7,"featured_media":2742,"comment_status":"open","ping_status":"open","sticky":false,"template":"","format":"standard","meta":[],"categories":[11],"tags":[],"_links":{"self":[{"href":"https:\/\/zeitzeugen-ludwigsburg-montbeliard.de\/fr\/wp-json\/wp\/v2\/posts\/2741"}],"collection":[{"href":"https:\/\/zeitzeugen-ludwigsburg-montbeliard.de\/fr\/wp-json\/wp\/v2\/posts"}],"about":[{"href":"https:\/\/zeitzeugen-ludwigsburg-montbeliard.de\/fr\/wp-json\/wp\/v2\/types\/post"}],"author":[{"embeddable":true,"href":"https:\/\/zeitzeugen-ludwigsburg-montbeliard.de\/fr\/wp-json\/wp\/v2\/users\/7"}],"replies":[{"embeddable":true,"href":"https:\/\/zeitzeugen-ludwigsburg-montbeliard.de\/fr\/wp-json\/wp\/v2\/comments?post=2741"}],"version-history":[{"count":16,"href":"https:\/\/zeitzeugen-ludwigsburg-montbeliard.de\/fr\/wp-json\/wp\/v2\/posts\/2741\/revisions"}],"predecessor-version":[{"id":5603,"href":"https:\/\/zeitzeugen-ludwigsburg-montbeliard.de\/fr\/wp-json\/wp\/v2\/posts\/2741\/revisions\/5603"}],"wp:featuredmedia":[{"embeddable":true,"href":"https:\/\/zeitzeugen-ludwigsburg-montbeliard.de\/fr\/wp-json\/wp\/v2\/media\/2742"}],"wp:attachment":[{"href":"https:\/\/zeitzeugen-ludwigsburg-montbeliard.de\/fr\/wp-json\/wp\/v2\/media?parent=2741"}],"wp:term":[{"taxonomy":"category","embeddable":true,"href":"https:\/\/zeitzeugen-ludwigsburg-montbeliard.de\/fr\/wp-json\/wp\/v2\/categories?post=2741"},{"taxonomy":"post_tag","embeddable":true,"href":"https:\/\/zeitzeugen-ludwigsburg-montbeliard.de\/fr\/wp-json\/wp\/v2\/tags?post=2741"}],"curies":[{"name":"wp","href":"https:\/\/api.w.org\/{rel}","templated":true}]}}