{"id":2718,"date":"2015-01-01T21:51:18","date_gmt":"2015-01-01T19:51:18","guid":{"rendered":"http:\/\/zeitzeugen-ludwigsburg-montbeliard.de\/?p=2718"},"modified":"2016-12-23T12:15:17","modified_gmt":"2016-12-23T11:15:17","slug":"selbst-in-den-franzoesischen-bergen-lebt-der-geist-der-staedtepartnerschaft-zwischen-ludwigsburg-und-montbeliard","status":"publish","type":"post","link":"https:\/\/zeitzeugen-ludwigsburg-montbeliard.de\/fr\/selbst-in-den-franzoesischen-bergen-lebt-der-geist-der-staedtepartnerschaft-zwischen-ludwigsburg-und-montbeliard\/","title":{"rendered":"L&rsquo;esprit du jumelage de Ludwigsburg et Montb\u00e9liard r\u00e8gne m\u00eame dans les montagnes fran\u00e7aises"},"content":{"rendered":"<p>Le Club Alpin Fran\u00e7ais accueillit quelques membres du club Alpin de Ludwigsburg lors d&rsquo;une excursion commune \u00e0 Saint Hippolyte.<\/p>\n<p>Le circuit de randonn\u00e9e bien balis\u00e9 d\u00fb \u00e0 l&rsquo;engagement du Club Alpin Fran\u00e7ais et pour lequel on pouvait remercier le travail engag\u00e9, \u00ab\u00a0traversait les reliefs du Jura c\u00f4t\u00e9 fran\u00e7ais en alternant mont\u00e9es et descentes, longeait un court moment le Doubs avant de revenir finalement \u00e0 son point de d\u00e9part \u00e0 Saint Hippolyte, petite ville idyllique enserr\u00e9e dans une vall\u00e9e encaiss\u00e9e du Doubs.\u00a0\u00bb<\/p>\n<p>Avant que les randonneurs ne se remettent de leur fatigue en bonne compagnie, chaque participant vint recevoir son certificat bien m\u00e9rit\u00e9.<\/p>\n<p>Au moment des adieux, les membres fran\u00e7ais du club Alpin promirent de leur rendre visite \u00e0 leur tour en Allemagne.<\/p>\n<p><strong>_____<\/strong><\/p>\n<p><strong>Document vers le contenu :<\/strong><br \/>\n<a href=\"http:\/\/ludwigsburg-montbeliard.bsz-bw.de\/jspview\/archive\/frei\/dfi-393\/0\/jura.html\" target=\"_blank\">Partnerschaft im franz\u00f6sischen Jura gepflegt &#8211; Alpenverein Ludwigsburg startet bei einem Wandertag des Alpenclubs Montb\u00e9liard<\/a>. &#8211; Ludwigsburger Kreiszeitung, 1984. &#8211; Provenance : Deutsch-Franz\u00f6sisches Institut.<\/p>","protected":false},"excerpt":{"rendered":"<p>Le Club Alpin Fran\u00e7ais accueillit quelques membres du club Alpin de Ludwigsburg lors d&rsquo;une excursion commune \u00e0 Saint Hippolyte. Le circuit de randonn\u00e9e bien balis\u00e9 d\u00fb \u00e0 l&rsquo;engagement du Club Alpin Fran\u00e7ais et pour lequel on pouvait remercier le travail&#8230;<a class=\"more-link\" href=\"https:\/\/zeitzeugen-ludwigsburg-montbeliard.de\/fr\/selbst-in-den-franzoesischen-bergen-lebt-der-geist-der-staedtepartnerschaft-zwischen-ludwigsburg-und-montbeliard\/\">Mehr erfahren<\/a><\/p>\n","protected":false},"author":7,"featured_media":2719,"comment_status":"open","ping_status":"open","sticky":false,"template":"","format":"standard","meta":[],"categories":[11],"tags":[],"_links":{"self":[{"href":"https:\/\/zeitzeugen-ludwigsburg-montbeliard.de\/fr\/wp-json\/wp\/v2\/posts\/2718"}],"collection":[{"href":"https:\/\/zeitzeugen-ludwigsburg-montbeliard.de\/fr\/wp-json\/wp\/v2\/posts"}],"about":[{"href":"https:\/\/zeitzeugen-ludwigsburg-montbeliard.de\/fr\/wp-json\/wp\/v2\/types\/post"}],"author":[{"embeddable":true,"href":"https:\/\/zeitzeugen-ludwigsburg-montbeliard.de\/fr\/wp-json\/wp\/v2\/users\/7"}],"replies":[{"embeddable":true,"href":"https:\/\/zeitzeugen-ludwigsburg-montbeliard.de\/fr\/wp-json\/wp\/v2\/comments?post=2718"}],"version-history":[{"count":22,"href":"https:\/\/zeitzeugen-ludwigsburg-montbeliard.de\/fr\/wp-json\/wp\/v2\/posts\/2718\/revisions"}],"predecessor-version":[{"id":5593,"href":"https:\/\/zeitzeugen-ludwigsburg-montbeliard.de\/fr\/wp-json\/wp\/v2\/posts\/2718\/revisions\/5593"}],"wp:featuredmedia":[{"embeddable":true,"href":"https:\/\/zeitzeugen-ludwigsburg-montbeliard.de\/fr\/wp-json\/wp\/v2\/media\/2719"}],"wp:attachment":[{"href":"https:\/\/zeitzeugen-ludwigsburg-montbeliard.de\/fr\/wp-json\/wp\/v2\/media?parent=2718"}],"wp:term":[{"taxonomy":"category","embeddable":true,"href":"https:\/\/zeitzeugen-ludwigsburg-montbeliard.de\/fr\/wp-json\/wp\/v2\/categories?post=2718"},{"taxonomy":"post_tag","embeddable":true,"href":"https:\/\/zeitzeugen-ludwigsburg-montbeliard.de\/fr\/wp-json\/wp\/v2\/tags?post=2718"}],"curies":[{"name":"wp","href":"https:\/\/api.w.org\/{rel}","templated":true}]}}