{"id":2680,"date":"2015-01-01T18:37:19","date_gmt":"2015-01-01T16:37:19","guid":{"rendered":"http:\/\/zeitzeugen-ludwigsburg-montbeliard.de\/?p=2680"},"modified":"2015-11-18T11:51:47","modified_gmt":"2015-11-18T10:51:47","slug":"louis_souvet_verwaltungs-_und_kulturaustausch","status":"publish","type":"post","link":"https:\/\/zeitzeugen-ludwigsburg-montbeliard.de\/fr\/louis_souvet_verwaltungs-_und_kulturaustausch\/","title":{"rendered":"Heureusement qu&rsquo;on ne s&rsquo;est pas limit\u00e9 \u00e0 un repas par an avec des flonflons&#8230;"},"content":{"rendered":"<p><a href=\"http:\/\/zeitzeugen-ludwigsburg-montbeliard.de\/zeitzeuge\/louis-souvet\/\">Louis Souvet<\/a> \u00e0 propos de l&rsquo;\u00e9change administratif et culturel :<strong><br \/>\n<\/strong><\/p>\n<p><strong><em>\u00ab On a eu beaucoup de contact sur ces sujets-l\u00e0. Et on a bien s\u00fbr \u00e9chang\u00e9 beaucoup dans le domaine culturel aussi.\u00a0Heureusement que l&rsquo;on ne s&rsquo;est pas limit\u00e9 \u00e0 un discours par an et un repas par an avec des flonflons. On a travaill\u00e9 sur la culture, mais aussi sur les espaces verts par exemple. Il y a eu des \u00e9changes, on y reviendra, sur les espaces verts. Il y a eu aussi sur l&rsquo;Afrique\u2026 sur l&rsquo;Afrique o\u00f9 l&rsquo;Allemagne a \u00e9t\u00e9 moteur.\u00a0\u00bb<\/em><\/strong><\/p>\n<p>Vous pouvez regarder l&rsquo;int\u00e9gralit\u00e9 de l&rsquo;entretien avec Louis Souvet <a href=\"http:\/\/zeitzeugen-ludwigsburg-montbeliard.de\/zeitzeuge\/louis-souvet\/\">avec sous titres<\/a> ou <a href=\"http:\/\/zeitzeugen-ludwigsburg-montbeliard.de\/louis-souvet-ohne-untertitel\/\">sans sous-titres<\/a>.<\/p>","protected":false},"excerpt":{"rendered":"<p>Louis Souvet \u00e0 propos de l&rsquo;\u00e9change administratif et culturel : \u00ab On a eu beaucoup de contact sur ces sujets-l\u00e0. Et on a bien s\u00fbr \u00e9chang\u00e9 beaucoup dans le domaine culturel aussi.\u00a0Heureusement que l&rsquo;on ne s&rsquo;est pas limit\u00e9 \u00e0 un&#8230;<a class=\"more-link\" href=\"https:\/\/zeitzeugen-ludwigsburg-montbeliard.de\/fr\/louis_souvet_verwaltungs-_und_kulturaustausch\/\">Mehr erfahren<\/a><\/p>\n","protected":false},"author":12,"featured_media":2681,"comment_status":"open","ping_status":"open","sticky":false,"template":"","format":"standard","meta":[],"categories":[9],"tags":[],"_links":{"self":[{"href":"https:\/\/zeitzeugen-ludwigsburg-montbeliard.de\/fr\/wp-json\/wp\/v2\/posts\/2680"}],"collection":[{"href":"https:\/\/zeitzeugen-ludwigsburg-montbeliard.de\/fr\/wp-json\/wp\/v2\/posts"}],"about":[{"href":"https:\/\/zeitzeugen-ludwigsburg-montbeliard.de\/fr\/wp-json\/wp\/v2\/types\/post"}],"author":[{"embeddable":true,"href":"https:\/\/zeitzeugen-ludwigsburg-montbeliard.de\/fr\/wp-json\/wp\/v2\/users\/12"}],"replies":[{"embeddable":true,"href":"https:\/\/zeitzeugen-ludwigsburg-montbeliard.de\/fr\/wp-json\/wp\/v2\/comments?post=2680"}],"version-history":[{"count":12,"href":"https:\/\/zeitzeugen-ludwigsburg-montbeliard.de\/fr\/wp-json\/wp\/v2\/posts\/2680\/revisions"}],"predecessor-version":[{"id":5405,"href":"https:\/\/zeitzeugen-ludwigsburg-montbeliard.de\/fr\/wp-json\/wp\/v2\/posts\/2680\/revisions\/5405"}],"wp:featuredmedia":[{"embeddable":true,"href":"https:\/\/zeitzeugen-ludwigsburg-montbeliard.de\/fr\/wp-json\/wp\/v2\/media\/2681"}],"wp:attachment":[{"href":"https:\/\/zeitzeugen-ludwigsburg-montbeliard.de\/fr\/wp-json\/wp\/v2\/media?parent=2680"}],"wp:term":[{"taxonomy":"category","embeddable":true,"href":"https:\/\/zeitzeugen-ludwigsburg-montbeliard.de\/fr\/wp-json\/wp\/v2\/categories?post=2680"},{"taxonomy":"post_tag","embeddable":true,"href":"https:\/\/zeitzeugen-ludwigsburg-montbeliard.de\/fr\/wp-json\/wp\/v2\/tags?post=2680"}],"curies":[{"name":"wp","href":"https:\/\/api.w.org\/{rel}","templated":true}]}}