{"id":2667,"date":"2015-01-01T18:23:12","date_gmt":"2015-01-01T16:23:12","guid":{"rendered":"http:\/\/zeitzeugen-ludwigsburg-montbeliard.de\/?p=2667"},"modified":"2015-11-27T11:51:38","modified_gmt":"2015-11-27T10:51:38","slug":"jean-claude-voisin-ueber-die-vorstellung-einer-staedtepartnerschaft-zwischen-montbeliard-und-ludwigsburg","status":"publish","type":"post","link":"https:\/\/zeitzeugen-ludwigsburg-montbeliard.de\/fr\/jean-claude-voisin-ueber-die-vorstellung-einer-staedtepartnerschaft-zwischen-montbeliard-und-ludwigsburg\/","title":{"rendered":"\u00ab Cela m&rsquo;a passionn\u00e9. \u00bb"},"content":{"rendered":"<p><\/p>\n<blockquote><p><a title=\"Jean-Claude Voisin\" href=\"http:\/\/zeitzeugen-ludwigsburg-montbeliard.de\/zeitzeuge\/jean-claude-voisin\/\"><em>Jean-Claude Voisin<\/em><\/a><\/p>\n<p><strong><em>\u00ab Le maire de Montb\u00e9liard Andr\u00e9 Lang, qui \u00e9tait agr\u00e9g\u00e9 d&rsquo;allemand et parlait un allemand magnifique &#8211; sachant que j&rsquo;\u00e9tais engag\u00e9 moi aussi dans les relations avec l&rsquo;Allemagne, puisqu&rsquo;\u00e0 14 ans,\u00a0 j&rsquo;ai fait partie du premier convoi des \u00e9changes scolaires franco-allemands avec mon correspondant, avec lequel je suis toujours en relation permanente, \u00e0 Baden-Baden, en For\u00eat Noire, donc j&rsquo;\u00e9tais d\u00e9j\u00e0 impr\u00e9gn\u00e9 de cette ambiance et de cette compr\u00e9hension de l&rsquo;autre &#8211; Andr\u00e9 Lang m&rsquo;a propos\u00e9 de donner un nouveau souffle au jumelage Montb\u00e9liard-Ludwigsburg, premier jumelage franco-allemand. \u00bb<\/em><\/strong><\/p>\n<p>Vous trouverez la vid\u00e9o sans sous-titres \u00e0 la fin de cette page.<\/p><\/blockquote>\n<p><\/p>","protected":false},"excerpt":{"rendered":"<p>Jean-Claude Voisin \u00ab Le maire de Montb\u00e9liard Andr\u00e9 Lang, qui \u00e9tait agr\u00e9g\u00e9 d&rsquo;allemand et parlait un allemand magnifique &#8211; sachant que j&rsquo;\u00e9tais engag\u00e9 moi aussi dans les relations avec l&rsquo;Allemagne, puisqu&rsquo;\u00e0 14 ans,\u00a0 j&rsquo;ai fait partie du premier convoi des&#8230;<a class=\"more-link\" href=\"https:\/\/zeitzeugen-ludwigsburg-montbeliard.de\/fr\/jean-claude-voisin-ueber-die-vorstellung-einer-staedtepartnerschaft-zwischen-montbeliard-und-ludwigsburg\/\">Mehr erfahren<\/a><\/p>\n","protected":false},"author":12,"featured_media":2207,"comment_status":"open","ping_status":"open","sticky":false,"template":"","format":"standard","meta":[],"categories":[9],"tags":[],"_links":{"self":[{"href":"https:\/\/zeitzeugen-ludwigsburg-montbeliard.de\/fr\/wp-json\/wp\/v2\/posts\/2667"}],"collection":[{"href":"https:\/\/zeitzeugen-ludwigsburg-montbeliard.de\/fr\/wp-json\/wp\/v2\/posts"}],"about":[{"href":"https:\/\/zeitzeugen-ludwigsburg-montbeliard.de\/fr\/wp-json\/wp\/v2\/types\/post"}],"author":[{"embeddable":true,"href":"https:\/\/zeitzeugen-ludwigsburg-montbeliard.de\/fr\/wp-json\/wp\/v2\/users\/12"}],"replies":[{"embeddable":true,"href":"https:\/\/zeitzeugen-ludwigsburg-montbeliard.de\/fr\/wp-json\/wp\/v2\/comments?post=2667"}],"version-history":[{"count":12,"href":"https:\/\/zeitzeugen-ludwigsburg-montbeliard.de\/fr\/wp-json\/wp\/v2\/posts\/2667\/revisions"}],"predecessor-version":[{"id":5481,"href":"https:\/\/zeitzeugen-ludwigsburg-montbeliard.de\/fr\/wp-json\/wp\/v2\/posts\/2667\/revisions\/5481"}],"wp:featuredmedia":[{"embeddable":true,"href":"https:\/\/zeitzeugen-ludwigsburg-montbeliard.de\/fr\/wp-json\/wp\/v2\/media\/2207"}],"wp:attachment":[{"href":"https:\/\/zeitzeugen-ludwigsburg-montbeliard.de\/fr\/wp-json\/wp\/v2\/media?parent=2667"}],"wp:term":[{"taxonomy":"category","embeddable":true,"href":"https:\/\/zeitzeugen-ludwigsburg-montbeliard.de\/fr\/wp-json\/wp\/v2\/categories?post=2667"},{"taxonomy":"post_tag","embeddable":true,"href":"https:\/\/zeitzeugen-ludwigsburg-montbeliard.de\/fr\/wp-json\/wp\/v2\/tags?post=2667"}],"curies":[{"name":"wp","href":"https:\/\/api.w.org\/{rel}","templated":true}]}}