{"id":2652,"date":"2015-01-01T18:10:14","date_gmt":"2015-01-01T16:10:14","guid":{"rendered":"http:\/\/zeitzeugen-ludwigsburg-montbeliard.de\/?p=2652"},"modified":"2015-11-18T12:23:01","modified_gmt":"2015-11-18T11:23:01","slug":"dr-eckhard-wulf-spricht-ueber-den-gemeinderat","status":"publish","type":"post","link":"https:\/\/zeitzeugen-ludwigsburg-montbeliard.de\/fr\/dr-eckhard-wulf-spricht-ueber-den-gemeinderat\/","title":{"rendered":"\u00ab Les Fran\u00e7ais ont toujours r\u00e9ussi \u00e0 mettre en avant le fil conducteur de la r\u00e9conciliation franco-allemande. \u00bb"},"content":{"rendered":"<p><\/p>\n<blockquote><p><a title=\"Eckhard Wulf\" href=\"http:\/\/zeitzeugen-ludwigsburg-montbeliard.de\/zeitzeuge\/eckhard-wulf\/\">Dr. Eckhard Wulf<\/a><\/p>\n<p><strong><em>\u00ab On peut dire dans l&rsquo;ensemble que les Fran\u00e7ais, dans le cadre du jumelage, aiment plut\u00f4t les grands gestes, alors que pour nous, le travail quotidien \u00e0 la base est plus important. On s&rsquo;est donn\u00e9 du mal pour motiver les associations \u00e0 participer, on voulait renforcer les \u00e9changes scolaires, afin que plus d&rsquo;\u00e9l\u00e8ves aillent en France, etc&#8230; Mais les Fran\u00e7ais ont toujours<br \/>\nr\u00e9ussi \u00e0 mettre en avant ce fil conducteur de la r\u00e9conciliation franco-allemande; quand les maires venaient avec leur \u00e9charpe tricolore, il y avait tout de suite une toute autre atmosph\u00e8re et le buffet n&rsquo;avait rien \u00e0 voir avec le n\u00f4tre. \u00bb<\/em><\/strong><\/p>\n<p>Vous pouvez regarder l&rsquo;int\u00e9gralit\u00e9 de l&rsquo;entretien avec Eckhard Wulf <a href=\"http:\/\/zeitzeugen-ludwigsburg-montbeliard.de\/zeitzeuge\/eckhard-wulf\/\">avec sous titres<\/a> ou <a href=\"http:\/\/zeitzeugen-ludwigsburg-montbeliard.de\/eckhard-wulf-ohne-untertitel\/\">sans sous-titres<\/a>.<\/p><\/blockquote>\n<p><\/p>","protected":false},"excerpt":{"rendered":"<p>Dr. Eckhard Wulf \u00ab On peut dire dans l&rsquo;ensemble que les Fran\u00e7ais, dans le cadre du jumelage, aiment plut\u00f4t les grands gestes, alors que pour nous, le travail quotidien \u00e0 la base est plus important. On s&rsquo;est donn\u00e9 du mal&#8230;<a class=\"more-link\" href=\"https:\/\/zeitzeugen-ludwigsburg-montbeliard.de\/fr\/dr-eckhard-wulf-spricht-ueber-den-gemeinderat\/\">Mehr erfahren<\/a><\/p>\n","protected":false},"author":12,"featured_media":1165,"comment_status":"open","ping_status":"open","sticky":false,"template":"","format":"standard","meta":[],"categories":[9],"tags":[],"_links":{"self":[{"href":"https:\/\/zeitzeugen-ludwigsburg-montbeliard.de\/fr\/wp-json\/wp\/v2\/posts\/2652"}],"collection":[{"href":"https:\/\/zeitzeugen-ludwigsburg-montbeliard.de\/fr\/wp-json\/wp\/v2\/posts"}],"about":[{"href":"https:\/\/zeitzeugen-ludwigsburg-montbeliard.de\/fr\/wp-json\/wp\/v2\/types\/post"}],"author":[{"embeddable":true,"href":"https:\/\/zeitzeugen-ludwigsburg-montbeliard.de\/fr\/wp-json\/wp\/v2\/users\/12"}],"replies":[{"embeddable":true,"href":"https:\/\/zeitzeugen-ludwigsburg-montbeliard.de\/fr\/wp-json\/wp\/v2\/comments?post=2652"}],"version-history":[{"count":12,"href":"https:\/\/zeitzeugen-ludwigsburg-montbeliard.de\/fr\/wp-json\/wp\/v2\/posts\/2652\/revisions"}],"predecessor-version":[{"id":5413,"href":"https:\/\/zeitzeugen-ludwigsburg-montbeliard.de\/fr\/wp-json\/wp\/v2\/posts\/2652\/revisions\/5413"}],"wp:featuredmedia":[{"embeddable":true,"href":"https:\/\/zeitzeugen-ludwigsburg-montbeliard.de\/fr\/wp-json\/wp\/v2\/media\/1165"}],"wp:attachment":[{"href":"https:\/\/zeitzeugen-ludwigsburg-montbeliard.de\/fr\/wp-json\/wp\/v2\/media?parent=2652"}],"wp:term":[{"taxonomy":"category","embeddable":true,"href":"https:\/\/zeitzeugen-ludwigsburg-montbeliard.de\/fr\/wp-json\/wp\/v2\/categories?post=2652"},{"taxonomy":"post_tag","embeddable":true,"href":"https:\/\/zeitzeugen-ludwigsburg-montbeliard.de\/fr\/wp-json\/wp\/v2\/tags?post=2652"}],"curies":[{"name":"wp","href":"https:\/\/api.w.org\/{rel}","templated":true}]}}