{"id":2383,"date":"2014-12-31T01:07:44","date_gmt":"2014-12-30T23:07:44","guid":{"rendered":"http:\/\/zeitzeugen-ludwigsburg-montbeliard.de\/?p=2383"},"modified":"2016-12-23T12:46:18","modified_gmt":"2016-12-23T11:46:18","slug":"fuer-den-deutschen-geht-von-einer-guten-franzoesischen-stimme-immer-ein-gewisser-magnetismus-aus","status":"publish","type":"post","link":"https:\/\/zeitzeugen-ludwigsburg-montbeliard.de\/fr\/fuer-den-deutschen-geht-von-einer-guten-franzoesischen-stimme-immer-ein-gewisser-magnetismus-aus\/","title":{"rendered":"\u00ab\u00a0Pour les Allemands, une belle voix fran\u00e7aise exerce toujours un certain magn\u00e9tisme. \u00ab\u00a0"},"content":{"rendered":"<p><\/p>\n<blockquote>\n<p style=\"text-align: left\"><em>\u00ab\u00a0C&rsquo;est ainsi qu&rsquo;un jumelage prend tout son sens : il ne suffit pas de s&rsquo;incliner officiellement l&rsquo;un devant l&rsquo;autre lors d&rsquo;une occasion donn\u00e9e, il faut aussi que les personnes de diff\u00e9rents cercles, couches sociales, m\u00e9tiers et aux diff\u00e9rents penchants se rapprochent, que les liens humains et que la compr\u00e9hension se cr\u00e9ent entre les nations, pour mener \u00e0 terme \u00e0 une Europe faite de nations amies.\u00a0\u00bb<\/em><\/p>\n<\/blockquote>\n<div id=\"attachment_2409\" style=\"width: 392px\" class=\"wp-caption alignright\"><a href=\"http:\/\/zeitzeugen-ludwigsburg-montbeliard.de\/wp-content\/uploads\/2014\/12\/Le-Diari-bei-einer-ihrer-Darbietungen-in-der-Eglosheimer-SKV-Halle.png\" rel=\"prettyPhoto[2383]\"><img aria-describedby=\"caption-attachment-2409\" decoding=\"async\" loading=\"lazy\" class=\"size-medium wp-image-2409  \" src=\"http:\/\/zeitzeugen-ludwigsburg-montbeliard.de\/wp-content\/uploads\/2014\/12\/Le-Diari-bei-einer-ihrer-Darbietungen-in-der-Eglosheimer-SKV-Halle-382x300.png\" alt=\"Le Diairi bei einer ihrer Darbietungen in der Eglosheimer SKV-Halle\" width=\"382\" height=\"300\" srcset=\"https:\/\/zeitzeugen-ludwigsburg-montbeliard.de\/wp-content\/uploads\/2014\/12\/Le-Diari-bei-einer-ihrer-Darbietungen-in-der-Eglosheimer-SKV-Halle-382x300.png 382w, https:\/\/zeitzeugen-ludwigsburg-montbeliard.de\/wp-content\/uploads\/2014\/12\/Le-Diari-bei-einer-ihrer-Darbietungen-in-der-Eglosheimer-SKV-Halle.png 945w\" sizes=\"(max-width: 382px) 100vw, 382px\" \/><\/a><p id=\"caption-attachment-2409\" class=\"wp-caption-text\">Le Diairi lors d&rsquo;une repr\u00e9sentation \u00e0 la Eglosheimer SKV-Halle<\/p><\/div>\n<p>Ainsi le journal de Ludwigsburg \u00e9voquait-il en 1962 le concert des deux associations de musique \u00ab\u00a0Le Diairi\u00a0\u00bb de Montb\u00e9liard et l&rsquo;Harmonika-Spielring de Ludwigsburg, et leur sixi\u00e8me rencontre. Cependant, ce n&rsquo;\u00e9tait pas seulement le concert chaleureux qui avait pouss\u00e9 le maire Kohmer \u00e0 dire que cet effort d&rsquo;entente encourag\u00e9 par les politiques ne pouvait perdurer que si les individus des deux nations ressentaient personnellement le besoin de se rencontrer en amis. Juillard aussi, pr\u00e9sident du \u00ab\u00a0Diairi\u00a0\u00bb, se prononca pour la cr\u00e9ation d&rsquo;une Europe unie.<\/p>\n<p><strong>_____<\/strong><\/p>\n<p><strong>Document vers le contenu :<\/strong><br \/>\n<a href=\"https:\/\/ludwigsburg-montbeliard.bsz-bw.de\/frontdoor\/index\/index\/docId\/1645\" target=\"_blank\">Liebe Freunde aus Montb\u00e9liard : Die Volkstumsgruppe \u00ab\u00a0Le Diairi\u00a0\u00bb aus der Patenstadt beim Harmonika-Spielring<\/a>. &#8211; Ludwigsburger Kreiszeitung, 1962. &#8211; Provenance : Deutsch- Franz\u00f6sisches Institut, Pressearchiv.<\/p>","protected":false},"excerpt":{"rendered":"<p>\u00ab\u00a0C&rsquo;est ainsi qu&rsquo;un jumelage prend tout son sens : il ne suffit pas de s&rsquo;incliner officiellement l&rsquo;un devant l&rsquo;autre lors d&rsquo;une occasion donn\u00e9e, il faut aussi que les personnes de diff\u00e9rents cercles, couches sociales, m\u00e9tiers et aux diff\u00e9rents penchants se&#8230;<a class=\"more-link\" href=\"https:\/\/zeitzeugen-ludwigsburg-montbeliard.de\/fr\/fuer-den-deutschen-geht-von-einer-guten-franzoesischen-stimme-immer-ein-gewisser-magnetismus-aus\/\">Mehr erfahren<\/a><\/p>\n","protected":false},"author":7,"featured_media":2384,"comment_status":"open","ping_status":"open","sticky":false,"template":"","format":"standard","meta":[],"categories":[11],"tags":[],"_links":{"self":[{"href":"https:\/\/zeitzeugen-ludwigsburg-montbeliard.de\/fr\/wp-json\/wp\/v2\/posts\/2383"}],"collection":[{"href":"https:\/\/zeitzeugen-ludwigsburg-montbeliard.de\/fr\/wp-json\/wp\/v2\/posts"}],"about":[{"href":"https:\/\/zeitzeugen-ludwigsburg-montbeliard.de\/fr\/wp-json\/wp\/v2\/types\/post"}],"author":[{"embeddable":true,"href":"https:\/\/zeitzeugen-ludwigsburg-montbeliard.de\/fr\/wp-json\/wp\/v2\/users\/7"}],"replies":[{"embeddable":true,"href":"https:\/\/zeitzeugen-ludwigsburg-montbeliard.de\/fr\/wp-json\/wp\/v2\/comments?post=2383"}],"version-history":[{"count":41,"href":"https:\/\/zeitzeugen-ludwigsburg-montbeliard.de\/fr\/wp-json\/wp\/v2\/posts\/2383\/revisions"}],"predecessor-version":[{"id":5604,"href":"https:\/\/zeitzeugen-ludwigsburg-montbeliard.de\/fr\/wp-json\/wp\/v2\/posts\/2383\/revisions\/5604"}],"wp:featuredmedia":[{"embeddable":true,"href":"https:\/\/zeitzeugen-ludwigsburg-montbeliard.de\/fr\/wp-json\/wp\/v2\/media\/2384"}],"wp:attachment":[{"href":"https:\/\/zeitzeugen-ludwigsburg-montbeliard.de\/fr\/wp-json\/wp\/v2\/media?parent=2383"}],"wp:term":[{"taxonomy":"category","embeddable":true,"href":"https:\/\/zeitzeugen-ludwigsburg-montbeliard.de\/fr\/wp-json\/wp\/v2\/categories?post=2383"},{"taxonomy":"post_tag","embeddable":true,"href":"https:\/\/zeitzeugen-ludwigsburg-montbeliard.de\/fr\/wp-json\/wp\/v2\/tags?post=2383"}],"curies":[{"name":"wp","href":"https:\/\/api.w.org\/{rel}","templated":true}]}}