{"id":1893,"date":"2014-12-27T19:27:44","date_gmt":"2014-12-27T17:27:44","guid":{"rendered":"http:\/\/zeitzeugen-ludwigsburg-montbeliard.de\/?p=1893"},"modified":"2015-11-18T11:26:53","modified_gmt":"2015-11-18T10:26:53","slug":"keine-politischen-diskussionen-und-zurueckhaltendes-verhalten","status":"publish","type":"post","link":"https:\/\/zeitzeugen-ludwigsburg-montbeliard.de\/fr\/keine-politischen-diskussionen-und-zurueckhaltendes-verhalten\/","title":{"rendered":"\u00ab\u00a0Pour parler politique, il faut avoir une bonne connaissance de la langue. \u00bb"},"content":{"rendered":"<p><a href=\"http:\/\/zeitzeugen-ludwigsburg-montbeliard.de\/zeitzeuge\/gerhard-ley\/\" target=\"_blank\">Monsieur Ley<\/a> s&rsquo;exprime sur l&rsquo;ambiance lors de la premi\u00e8re rencontre et sur les difficult\u00e9s pour parler politique :<\/p>\n<blockquote><p><strong><em>\u00ab\u00a0A cette \u00e9poque, on ne parlait jamais en public de ce qui s&rsquo;\u00e9tait pass\u00e9 entre 39 ou 33 et 45. Cela restait &#8211; aussi au plan officiel &#8211; cach\u00e9 ; c&rsquo;est un peu exag\u00e9r\u00e9, mais c&rsquo;\u00e9tait tr\u00e8s tr\u00e8s peu abord\u00e9. Nous n&rsquo;avons pas eu de discussion politique, non pas parce que nous ne nous int\u00e9ressions pas \u00e0 la politique, mais parce qu&rsquo;aujourd&rsquo;hui encore, on a beaucoup de retenue sur ce sujet. Tout simplement parce que pour parler politique, il faut avoir une bonne connaissance de la langue, et pour cela la n\u00f4tre \u00e9tait trop faible. \u00bb<br \/>\n<\/em><\/strong><\/p>\n<p>Vous pouvez regarder l&rsquo;int\u00e9gralit\u00e9 de l&rsquo;entretien avec Gerhard Ley <a href=\"http:\/\/zeitzeugen-ludwigsburg-montbeliard.de\/zeitzeuge\/gerhard-ley\/\" target=\"_blank\">avec sous titres<\/a> ou <a href=\"http:\/\/zeitzeugen-ludwigsburg-montbeliard.de\/gerhard-ley-ohne-untertitel\/\" target=\"_blank\">sans sous-titres<\/a>.<\/p><\/blockquote>\n<p><\/p>","protected":false},"excerpt":{"rendered":"<p>Monsieur Ley s&rsquo;exprime sur l&rsquo;ambiance lors de la premi\u00e8re rencontre et sur les difficult\u00e9s pour parler politique : \u00ab\u00a0A cette \u00e9poque, on ne parlait jamais en public de ce qui s&rsquo;\u00e9tait pass\u00e9 entre 39 ou 33 et 45. Cela restait&#8230;<a class=\"more-link\" href=\"https:\/\/zeitzeugen-ludwigsburg-montbeliard.de\/fr\/keine-politischen-diskussionen-und-zurueckhaltendes-verhalten\/\">Mehr erfahren<\/a><\/p>\n","protected":false},"author":15,"featured_media":3966,"comment_status":"open","ping_status":"open","sticky":false,"template":"","format":"standard","meta":[],"categories":[11],"tags":[],"_links":{"self":[{"href":"https:\/\/zeitzeugen-ludwigsburg-montbeliard.de\/fr\/wp-json\/wp\/v2\/posts\/1893"}],"collection":[{"href":"https:\/\/zeitzeugen-ludwigsburg-montbeliard.de\/fr\/wp-json\/wp\/v2\/posts"}],"about":[{"href":"https:\/\/zeitzeugen-ludwigsburg-montbeliard.de\/fr\/wp-json\/wp\/v2\/types\/post"}],"author":[{"embeddable":true,"href":"https:\/\/zeitzeugen-ludwigsburg-montbeliard.de\/fr\/wp-json\/wp\/v2\/users\/15"}],"replies":[{"embeddable":true,"href":"https:\/\/zeitzeugen-ludwigsburg-montbeliard.de\/fr\/wp-json\/wp\/v2\/comments?post=1893"}],"version-history":[{"count":22,"href":"https:\/\/zeitzeugen-ludwigsburg-montbeliard.de\/fr\/wp-json\/wp\/v2\/posts\/1893\/revisions"}],"predecessor-version":[{"id":5396,"href":"https:\/\/zeitzeugen-ludwigsburg-montbeliard.de\/fr\/wp-json\/wp\/v2\/posts\/1893\/revisions\/5396"}],"wp:featuredmedia":[{"embeddable":true,"href":"https:\/\/zeitzeugen-ludwigsburg-montbeliard.de\/fr\/wp-json\/wp\/v2\/media\/3966"}],"wp:attachment":[{"href":"https:\/\/zeitzeugen-ludwigsburg-montbeliard.de\/fr\/wp-json\/wp\/v2\/media?parent=1893"}],"wp:term":[{"taxonomy":"category","embeddable":true,"href":"https:\/\/zeitzeugen-ludwigsburg-montbeliard.de\/fr\/wp-json\/wp\/v2\/categories?post=1893"},{"taxonomy":"post_tag","embeddable":true,"href":"https:\/\/zeitzeugen-ludwigsburg-montbeliard.de\/fr\/wp-json\/wp\/v2\/tags?post=1893"}],"curies":[{"name":"wp","href":"https:\/\/api.w.org\/{rel}","templated":true}]}}