{"id":1886,"date":"2014-12-27T19:14:41","date_gmt":"2014-12-27T17:14:41","guid":{"rendered":"http:\/\/zeitzeugen-ludwigsburg-montbeliard.de\/?p=1886"},"modified":"2015-11-18T11:22:46","modified_gmt":"2015-11-18T10:22:46","slug":"die-beiden-ersten-in-ganz-deutschland-und-frankreich-wir-haben-gesagt-wir-melden-uns-freiwillig","status":"publish","type":"post","link":"https:\/\/zeitzeugen-ludwigsburg-montbeliard.de\/fr\/die-beiden-ersten-in-ganz-deutschland-und-frankreich-wir-haben-gesagt-wir-melden-uns-freiwillig\/","title":{"rendered":"\u00ab\u00a0\u00c9videmment, les Allemands, ce n&rsquo;\u00e9taient pas nos meilleurs amis a priori !\u00a0\u00bb"},"content":{"rendered":"<p><a title=\"Etienne Mallard und Daniel Hauger\" href=\"http:\/\/zeitzeugen-ludwigsburg-montbeliard.de\/zeitzeuge\/mallard-und-hauger\/\">Etiene Mallard<\/a> partage ses sentiments \u00e0 l&rsquo;\u00e9gard de l&rsquo;Allemagne apr\u00e8s la Seconde Guerre mondiale :<em><strong><em><br \/>\n<\/em><\/strong><\/em><\/p>\n<blockquote><p><strong><em>\u00ab\u00a0Des pr\u00e9jug\u00e9s, qui n&rsquo;en avait pas ? \u00c9videmment, les Allemands, ce n&rsquo;\u00e9taient pas nos meilleurs amis a priori. A priori&#8230; Mais, nous \u00e9tions un certain nombre quand m\u00eame \u00e0 penser que l&rsquo;Allemagne est un grand pays. Moi, je suis m\u00e9lomane, je connais bien, assez bien, l&rsquo;histoire de la musique et mon dieu\u00a0! Bach, Beethoven, Schumann, Schubert&#8230; Et les Autrichiens\u00a0! Mozart, Mahler\u2026 Quand m\u00eame, c&rsquo;est quelque chose\u00a0! Et puis Goethe\u2026 et puis j&rsquo;avais un certain respect, un grand respect, pour la culture allemande.<br \/>\nAlors bien s\u00fbr, il y avait des pr\u00e9jug\u00e9s. On peut comprendre, le nazisme c&rsquo;\u00e9tait une chose horrible. Le nazisme avait asservi l&rsquo;Europe avec des conditions \u00e9pouvantables. Alors il y avait des id\u00e9es n\u00e9gatives, c&rsquo;est s\u00fbr\u00a0! Mais apr\u00e8s la guerre, on a voulu passer un grand coup de chiffon sur le tableau et je crois qu&rsquo;on a r\u00e9ussi&#8230;\u00a0\u00bb<\/em><\/strong><\/p>\n<p>Vous pouvez regarder l&rsquo;int\u00e9gralit\u00e9 de l&rsquo;entretien avec Etienne Mallard et Daniel Hauger <a href=\"http:\/\/zeitzeugen-ludwigsburg-montbeliard.de\/zeitzeuge\/mallard-und-hauger\/\">avec sous titres<\/a> ou <a href=\"http:\/\/zeitzeugen-ludwigsburg-montbeliard.de\/etienne-mallard-und-daniel-hauger-ohne-untertitel\/\">sans sous-titres<\/a>.<\/p><\/blockquote>\n<p><\/p>","protected":false},"excerpt":{"rendered":"<p>Etiene Mallard partage ses sentiments \u00e0 l&rsquo;\u00e9gard de l&rsquo;Allemagne apr\u00e8s la Seconde Guerre mondiale : \u00ab\u00a0Des pr\u00e9jug\u00e9s, qui n&rsquo;en avait pas ? \u00c9videmment, les Allemands, ce n&rsquo;\u00e9taient pas nos meilleurs amis a priori. A priori&#8230; Mais, nous \u00e9tions un certain&#8230;<a class=\"more-link\" href=\"https:\/\/zeitzeugen-ludwigsburg-montbeliard.de\/fr\/die-beiden-ersten-in-ganz-deutschland-und-frankreich-wir-haben-gesagt-wir-melden-uns-freiwillig\/\">Mehr erfahren<\/a><\/p>\n","protected":false},"author":15,"featured_media":3970,"comment_status":"open","ping_status":"open","sticky":false,"template":"","format":"standard","meta":[],"categories":[11],"tags":[],"_links":{"self":[{"href":"https:\/\/zeitzeugen-ludwigsburg-montbeliard.de\/fr\/wp-json\/wp\/v2\/posts\/1886"}],"collection":[{"href":"https:\/\/zeitzeugen-ludwigsburg-montbeliard.de\/fr\/wp-json\/wp\/v2\/posts"}],"about":[{"href":"https:\/\/zeitzeugen-ludwigsburg-montbeliard.de\/fr\/wp-json\/wp\/v2\/types\/post"}],"author":[{"embeddable":true,"href":"https:\/\/zeitzeugen-ludwigsburg-montbeliard.de\/fr\/wp-json\/wp\/v2\/users\/15"}],"replies":[{"embeddable":true,"href":"https:\/\/zeitzeugen-ludwigsburg-montbeliard.de\/fr\/wp-json\/wp\/v2\/comments?post=1886"}],"version-history":[{"count":22,"href":"https:\/\/zeitzeugen-ludwigsburg-montbeliard.de\/fr\/wp-json\/wp\/v2\/posts\/1886\/revisions"}],"predecessor-version":[{"id":5394,"href":"https:\/\/zeitzeugen-ludwigsburg-montbeliard.de\/fr\/wp-json\/wp\/v2\/posts\/1886\/revisions\/5394"}],"wp:featuredmedia":[{"embeddable":true,"href":"https:\/\/zeitzeugen-ludwigsburg-montbeliard.de\/fr\/wp-json\/wp\/v2\/media\/3970"}],"wp:attachment":[{"href":"https:\/\/zeitzeugen-ludwigsburg-montbeliard.de\/fr\/wp-json\/wp\/v2\/media?parent=1886"}],"wp:term":[{"taxonomy":"category","embeddable":true,"href":"https:\/\/zeitzeugen-ludwigsburg-montbeliard.de\/fr\/wp-json\/wp\/v2\/categories?post=1886"},{"taxonomy":"post_tag","embeddable":true,"href":"https:\/\/zeitzeugen-ludwigsburg-montbeliard.de\/fr\/wp-json\/wp\/v2\/tags?post=1886"}],"curies":[{"name":"wp","href":"https:\/\/api.w.org\/{rel}","templated":true}]}}