{"id":1688,"date":"2014-12-25T19:42:22","date_gmt":"2014-12-25T17:42:22","guid":{"rendered":"http:\/\/zeitzeugen-ludwigsburg-montbeliard.de\/?p=1688"},"modified":"2015-11-18T12:43:33","modified_gmt":"2015-11-18T11:43:33","slug":"verstaendigung-im-verwaltungsaustausch","status":"publish","type":"post","link":"https:\/\/zeitzeugen-ludwigsburg-montbeliard.de\/fr\/verstaendigung-im-verwaltungsaustausch\/","title":{"rendered":"\u00ab Tout le monde parlait allemand \u00e0 Montb\u00e9liard. \u00bb"},"content":{"rendered":"<p><\/p>\n<blockquote><p><a title=\"Eckhard Wulf\" href=\"http:\/\/zeitzeugen-ludwigsburg-montbeliard.de\/zeitzeuge\/eckhard-wulf\/\">Dr. Eckhard Wulf<\/a> sur l&rsquo;entente avec les coll\u00e8gues de Montb\u00e9liard :<\/p>\n<p><strong><em>\u00ab J&rsquo;avais une collaboratrice qui parlait parfaitement fran\u00e7ais, russe et anglais. Aujourd&rsquo;hui, elle est encore \u00e0 ce poste \u00e0 l&rsquo;administration culturelle. Quand les choses devenaient officielles, elle s&rsquo;en chargeait, en tant qu&rsquo;interpr\u00e8te. Mais tout le monde parlait allemand \u00e0 Montb\u00e9liard, le maire Souvet parlait un excellent allemand, mon coll\u00e8gue Voisin parlait un excellent allemand, Nathalie, ma coll\u00e8gue, parlait aussi allemand. \u00bb<\/em><\/strong><\/p>\n<p>Vous pouvez regarder l&rsquo;int\u00e9gralit\u00e9 de l&rsquo;entretien avec Dr. Eckhard Wulf <a href=\"http:\/\/zeitzeugen-ludwigsburg-montbeliard.de\/zeitzeuge\/eckhard-wulf\/\">avec sous titres<\/a> ou <a href=\"http:\/\/zeitzeugen-ludwigsburg-montbeliard.de\/eckhard-wulf-ohne-untertitel\/\">sans sous-titres<\/a>.<\/p><\/blockquote>\n<p><\/p>","protected":false},"excerpt":{"rendered":"<p>Dr. Eckhard Wulf sur l&rsquo;entente avec les coll\u00e8gues de Montb\u00e9liard : \u00ab J&rsquo;avais une collaboratrice qui parlait parfaitement fran\u00e7ais, russe et anglais. Aujourd&rsquo;hui, elle est encore \u00e0 ce poste \u00e0 l&rsquo;administration culturelle. Quand les choses devenaient officielles, elle s&rsquo;en chargeait,&#8230;<a class=\"more-link\" href=\"https:\/\/zeitzeugen-ludwigsburg-montbeliard.de\/fr\/verstaendigung-im-verwaltungsaustausch\/\">Mehr erfahren<\/a><\/p>\n","protected":false},"author":5,"featured_media":3910,"comment_status":"open","ping_status":"open","sticky":false,"template":"","format":"standard","meta":[],"categories":[9],"tags":[],"_links":{"self":[{"href":"https:\/\/zeitzeugen-ludwigsburg-montbeliard.de\/fr\/wp-json\/wp\/v2\/posts\/1688"}],"collection":[{"href":"https:\/\/zeitzeugen-ludwigsburg-montbeliard.de\/fr\/wp-json\/wp\/v2\/posts"}],"about":[{"href":"https:\/\/zeitzeugen-ludwigsburg-montbeliard.de\/fr\/wp-json\/wp\/v2\/types\/post"}],"author":[{"embeddable":true,"href":"https:\/\/zeitzeugen-ludwigsburg-montbeliard.de\/fr\/wp-json\/wp\/v2\/users\/5"}],"replies":[{"embeddable":true,"href":"https:\/\/zeitzeugen-ludwigsburg-montbeliard.de\/fr\/wp-json\/wp\/v2\/comments?post=1688"}],"version-history":[{"count":13,"href":"https:\/\/zeitzeugen-ludwigsburg-montbeliard.de\/fr\/wp-json\/wp\/v2\/posts\/1688\/revisions"}],"predecessor-version":[{"id":5421,"href":"https:\/\/zeitzeugen-ludwigsburg-montbeliard.de\/fr\/wp-json\/wp\/v2\/posts\/1688\/revisions\/5421"}],"wp:featuredmedia":[{"embeddable":true,"href":"https:\/\/zeitzeugen-ludwigsburg-montbeliard.de\/fr\/wp-json\/wp\/v2\/media\/3910"}],"wp:attachment":[{"href":"https:\/\/zeitzeugen-ludwigsburg-montbeliard.de\/fr\/wp-json\/wp\/v2\/media?parent=1688"}],"wp:term":[{"taxonomy":"category","embeddable":true,"href":"https:\/\/zeitzeugen-ludwigsburg-montbeliard.de\/fr\/wp-json\/wp\/v2\/categories?post=1688"},{"taxonomy":"post_tag","embeddable":true,"href":"https:\/\/zeitzeugen-ludwigsburg-montbeliard.de\/fr\/wp-json\/wp\/v2\/tags?post=1688"}],"curies":[{"name":"wp","href":"https:\/\/api.w.org\/{rel}","templated":true}]}}