{"id":1464,"date":"2014-12-18T16:35:39","date_gmt":"2014-12-18T14:35:39","guid":{"rendered":"http:\/\/zeitzeugen-ludwigsburg-montbeliard.de\/?p=1464"},"modified":"2016-12-22T14:26:12","modified_gmt":"2016-12-22T13:26:12","slug":"wappen","status":"publish","type":"post","link":"https:\/\/zeitzeugen-ludwigsburg-montbeliard.de\/fr\/wappen\/","title":{"rendered":"Les barbeaux de Montb\u00e9liard dans les armoiries du Wurtemberg"},"content":{"rendered":"<p>Lorsqu&rsquo;en 1397, le comte Eberhard de Wurtemberg promit en mariage son fils mineur Eberhard V avec Henriette, fille h\u00e9riti\u00e8re des Comt\u00e9s de Montb\u00e9liard, elle aussi mineure, ce fut le d\u00e9but d&rsquo;une nouvelle dynastie souveraine.<\/p>\n<p>Les armoiries du comt\u00e9 de Montb\u00e9liard, les deux barbeaux or sur fond rouge, furent ajout\u00e9es par le comt\u00e9 Louis I., fils d&rsquo;Eberhard et d&rsquo;Henriette, au blason wurtembourgeois avec les trois bois de cerf noirs sur un fond or. Le contrat d&rsquo;Urach rendit le blason de la maison officiel.<\/p>\n<p>Les histoires des deux r\u00e9gions au pouvoir rest\u00e8rent li\u00e9es l&rsquo;une \u00e0 l&rsquo;autre plusieurs si\u00e8cles. Elles surmont\u00e8rent les brouilles entre dynasties, les guerres, les conflits de Religion et\u00a0jusqu&rsquo;aux s\u00e9quelles de la R\u00e9volution fran\u00e7aise en 1796 qui oblig\u00e8rent le vieux duc Fr\u00e9d\u00e9ric Eugen \u00e0 c\u00e9der son petit comt\u00e9 \u00e0 la France. \u00c0 cette p\u00e9riode, des \u00e9changes culturels et politiques se r\u00e9pandent au del\u00e0 des fronti\u00e8res du pays : les fonctionnaires wurtembourgeois servaient \u00e0 Monb\u00e9liard et les \u00e9tudiants montb\u00e9liardais \u00e9tudiaient \u00e0 Tubingen.<\/p>\n<p>_____<\/p>\n<p>Document sur le contenu : <a href=\"https:\/\/ludwigsburg-montbeliard.bsz-bw.de\/frontdoor\/index\/index\/docId\/1683\" target=\"_blank\">M\u00f6mpelgard und W\u00fcrttemberg: Eine \u00ab\u00a0liaison amoureuse\u00a0\u00bb<\/a>. &#8211; Article de journal, Ludwigsburger Kreiszeitung, S.4, 02. 08. 2000. &#8211; Provenance : Deutsch-Franz\u00f6sisches Institut, Pressearchiv.<\/p>\n<p>Graphique tir\u00e9 de <strong>W\u00fcrttemberg und M\u00f6mpelgard &#8211; 600 Jahre Begegnung<\/strong> : Katalog zur Ausstellung des Hauptstaatsarchivs Stuttgart; [in Montb\u00e9liard, Mus\u00e9e Beurnier, 10. Juni &#8211; 24. September 2000] \/ bearb. von Peter R\u00fcckert unter Mitarb. von Christine B\u00fchrlen-Grabinger &#8230; &#8211; Stuttgart : Hauptstaatsarchiv, 2000. &#8211; ISBN: 3-00-006062-6. &#8211; S. 15.<\/p>","protected":false},"excerpt":{"rendered":"<p>Lorsqu&rsquo;en 1397, le comte Eberhard de Wurtemberg promit en mariage son fils mineur Eberhard V avec Henriette, fille h\u00e9riti\u00e8re des Comt\u00e9s de Montb\u00e9liard, elle aussi mineure, ce fut le d\u00e9but d&rsquo;une nouvelle dynastie souveraine. Les armoiries du comt\u00e9 de Montb\u00e9liard,&#8230;<a class=\"more-link\" href=\"https:\/\/zeitzeugen-ludwigsburg-montbeliard.de\/fr\/wappen\/\">Mehr erfahren<\/a><\/p>\n","protected":false},"author":3,"featured_media":3440,"comment_status":"open","ping_status":"open","sticky":false,"template":"","format":"standard","meta":[],"categories":[15],"tags":[],"_links":{"self":[{"href":"https:\/\/zeitzeugen-ludwigsburg-montbeliard.de\/fr\/wp-json\/wp\/v2\/posts\/1464"}],"collection":[{"href":"https:\/\/zeitzeugen-ludwigsburg-montbeliard.de\/fr\/wp-json\/wp\/v2\/posts"}],"about":[{"href":"https:\/\/zeitzeugen-ludwigsburg-montbeliard.de\/fr\/wp-json\/wp\/v2\/types\/post"}],"author":[{"embeddable":true,"href":"https:\/\/zeitzeugen-ludwigsburg-montbeliard.de\/fr\/wp-json\/wp\/v2\/users\/3"}],"replies":[{"embeddable":true,"href":"https:\/\/zeitzeugen-ludwigsburg-montbeliard.de\/fr\/wp-json\/wp\/v2\/comments?post=1464"}],"version-history":[{"count":18,"href":"https:\/\/zeitzeugen-ludwigsburg-montbeliard.de\/fr\/wp-json\/wp\/v2\/posts\/1464\/revisions"}],"predecessor-version":[{"id":5503,"href":"https:\/\/zeitzeugen-ludwigsburg-montbeliard.de\/fr\/wp-json\/wp\/v2\/posts\/1464\/revisions\/5503"}],"wp:featuredmedia":[{"embeddable":true,"href":"https:\/\/zeitzeugen-ludwigsburg-montbeliard.de\/fr\/wp-json\/wp\/v2\/media\/3440"}],"wp:attachment":[{"href":"https:\/\/zeitzeugen-ludwigsburg-montbeliard.de\/fr\/wp-json\/wp\/v2\/media?parent=1464"}],"wp:term":[{"taxonomy":"category","embeddable":true,"href":"https:\/\/zeitzeugen-ludwigsburg-montbeliard.de\/fr\/wp-json\/wp\/v2\/categories?post=1464"},{"taxonomy":"post_tag","embeddable":true,"href":"https:\/\/zeitzeugen-ludwigsburg-montbeliard.de\/fr\/wp-json\/wp\/v2\/tags?post=1464"}],"curies":[{"name":"wp","href":"https:\/\/api.w.org\/{rel}","templated":true}]}}