{"id":1413,"date":"2014-12-18T16:12:28","date_gmt":"2014-12-18T14:12:28","guid":{"rendered":"http:\/\/zeitzeugen-ludwigsburg-montbeliard.de\/?p=1413"},"modified":"2017-04-20T16:58:02","modified_gmt":"2017-04-20T14:58:02","slug":"25-jahre-staedtepartnerschaft-im-goldenen-buch-festgehalten","status":"publish","type":"post","link":"https:\/\/zeitzeugen-ludwigsburg-montbeliard.de\/fr\/25-jahre-staedtepartnerschaft-im-goldenen-buch-festgehalten\/","title":{"rendered":"25 ans de jumelage dans le livre d&rsquo;or"},"content":{"rendered":"<p>\u00c0 l&rsquo;occasion du 25\u00e8me anniversaire du jumelage des villes de Montb\u00e9liard et de Ludwigsburg, les noces d&rsquo;argent s&rsquo;inscrirent dans le livre d&rsquo;or de Ludwigsburg.\u00a0 L&rsquo;article fut sign\u00e9 par les maires Andr\u00e9 Boulloche et Otfried Ulsh\u00f6fer ainsi que par de nombreux invit\u00e9s. Lors d&rsquo;une soir\u00e9e dansante, \u00e0 la fran\u00e7aise, les invit\u00e9s trinqu\u00e8rent ensemble \u00e0 l&rsquo;amiti\u00e9 dans la salle municipale de Ludwigsburg.<\/p>\n<div>\n<dl id=\"attachment_3033\">\n<dt><a href=\"http:\/\/zeitzeugen-ludwigsburg-montbeliard.de\/wp-content\/uploads\/2014\/12\/buch.jpg\" rel=\"prettyPhoto[1413]\"><img decoding=\"async\" loading=\"lazy\" class=\"alignleft\" src=\"http:\/\/zeitzeugen-ludwigsburg-montbeliard.de\/wp-content\/uploads\/2014\/12\/buch-160x160.jpg\" alt=\"buch\" width=\"160\" height=\"160\" \/><\/a><\/dt>\n<dt><\/dt>\n<dt>Le maire de la ville de Montb\u00e9liard Andr\u00e9 Boulloche (\u00e0 droite) signe en pr\u00e9sence du maire de Ludwigsburg, Otfried Ulsh\u00f6fer (\u00e0 gauche) l&rsquo;article dans le livre d&rsquo;or.<\/dt>\n<dt><\/dt>\n<dt><\/dt>\n<dt><\/dt>\n<dt>Document vers le contenu :<a href=\"https:\/\/ludwigsburg-montbeliard.bsz-bw.de\/frontdoor\/index\/index\/docId\/1648\" target=\"_blank\">Im goldenen Buch der Stadt dokumentiert : Die \u00ab\u00a0Silberhochzeit\u00a0\u00bb echter Freundschaft<\/a>. &#8211; Article de journal, 23.09.1975. &#8211; Provenance: Institut Franco-Allemand, Pressearchiv<\/dt>\n<\/dl>\n<\/div>\n<p><\/p>","protected":false},"excerpt":{"rendered":"<p>\u00c0 l&rsquo;occasion du 25\u00e8me anniversaire du jumelage des villes de Montb\u00e9liard et de Ludwigsburg, les noces d&rsquo;argent s&rsquo;inscrirent dans le livre d&rsquo;or de Ludwigsburg.\u00a0 L&rsquo;article fut sign\u00e9 par les maires Andr\u00e9 Boulloche et Otfried Ulsh\u00f6fer ainsi que par de nombreux&#8230;<a class=\"more-link\" href=\"https:\/\/zeitzeugen-ludwigsburg-montbeliard.de\/fr\/25-jahre-staedtepartnerschaft-im-goldenen-buch-festgehalten\/\">Mehr erfahren<\/a><\/p>\n","protected":false},"author":6,"featured_media":1416,"comment_status":"open","ping_status":"open","sticky":false,"template":"","format":"standard","meta":[],"categories":[16],"tags":[],"_links":{"self":[{"href":"https:\/\/zeitzeugen-ludwigsburg-montbeliard.de\/fr\/wp-json\/wp\/v2\/posts\/1413"}],"collection":[{"href":"https:\/\/zeitzeugen-ludwigsburg-montbeliard.de\/fr\/wp-json\/wp\/v2\/posts"}],"about":[{"href":"https:\/\/zeitzeugen-ludwigsburg-montbeliard.de\/fr\/wp-json\/wp\/v2\/types\/post"}],"author":[{"embeddable":true,"href":"https:\/\/zeitzeugen-ludwigsburg-montbeliard.de\/fr\/wp-json\/wp\/v2\/users\/6"}],"replies":[{"embeddable":true,"href":"https:\/\/zeitzeugen-ludwigsburg-montbeliard.de\/fr\/wp-json\/wp\/v2\/comments?post=1413"}],"version-history":[{"count":25,"href":"https:\/\/zeitzeugen-ludwigsburg-montbeliard.de\/fr\/wp-json\/wp\/v2\/posts\/1413\/revisions"}],"predecessor-version":[{"id":5575,"href":"https:\/\/zeitzeugen-ludwigsburg-montbeliard.de\/fr\/wp-json\/wp\/v2\/posts\/1413\/revisions\/5575"}],"wp:featuredmedia":[{"embeddable":true,"href":"https:\/\/zeitzeugen-ludwigsburg-montbeliard.de\/fr\/wp-json\/wp\/v2\/media\/1416"}],"wp:attachment":[{"href":"https:\/\/zeitzeugen-ludwigsburg-montbeliard.de\/fr\/wp-json\/wp\/v2\/media?parent=1413"}],"wp:term":[{"taxonomy":"category","embeddable":true,"href":"https:\/\/zeitzeugen-ludwigsburg-montbeliard.de\/fr\/wp-json\/wp\/v2\/categories?post=1413"},{"taxonomy":"post_tag","embeddable":true,"href":"https:\/\/zeitzeugen-ludwigsburg-montbeliard.de\/fr\/wp-json\/wp\/v2\/tags?post=1413"}],"curies":[{"name":"wp","href":"https:\/\/api.w.org\/{rel}","templated":true}]}}