{"id":1362,"date":"2014-12-18T13:04:10","date_gmt":"2014-12-18T11:04:10","guid":{"rendered":"http:\/\/zeitzeugen-ludwigsburg-montbeliard.de\/?p=1362"},"modified":"2015-11-18T11:15:32","modified_gmt":"2015-11-18T10:15:32","slug":"gemeinsame-tagungen","status":"publish","type":"post","link":"https:\/\/zeitzeugen-ludwigsburg-montbeliard.de\/fr\/gemeinsame-tagungen\/","title":{"rendered":"\u00ab La r\u00e9conciliation ne se fera qu&rsquo;\u00e0 travers les jeunes gens. \u00bb"},"content":{"rendered":"<p><a href=\"http:\/\/zeitzeugen-ludwigsburg-montbeliard.de\/zeitzeuge\/brigitte-kiesel\/\" target=\"_blank\">Brigitte Kiesel<\/a> pr\u00e9sente dans une interview les d\u00e9buts de l&rsquo;\u00e9change entre les \u00e9quipes de football.<\/p>\n<blockquote><p><strong><em>\u00ab Les premi\u00e8res visites sont tr\u00e8s importantes afin de d\u00e9velopper plus tard le go\u00fbt du voyage et la curiosit\u00e9, et de ne pas parler en g\u00e9n\u00e9ral \u00ab\u00a0des Fran\u00e7ais\u00a0\u00bb ou \u00ab\u00a0des Anglais\u00a0\u00bb, mais bien de personnes qu&rsquo;on conna\u00eet. Aujourd&rsquo;hui encore, \u00e7a me rend furieuse quand j&rsquo;entends les gens parler \u00ab\u00a0des Am\u00e9ricains\u00a0\u00bb. Je n&rsquo;ai plus du tout ces pr\u00e9jug\u00e9s. \u00bb<\/em><\/strong><\/p>\n<p>Vous pouvez regarder l&rsquo;int\u00e9gralit\u00e9 de l&rsquo;entretien avec Brigitte Kiesel <a href=\"http:\/\/zeitzeugen-ludwigsburg-montbeliard.de\/zeitzeuge\/brigitte-kiesel\/\">avec sous titres<\/a> ou <a href=\"http:\/\/zeitzeugen-ludwigsburg-montbeliard.de\/brigitte-kiesel-ohne-untertitel\/\">sans sous-titres<\/a>.<\/p><\/blockquote>\n<p><\/p>","protected":false},"excerpt":{"rendered":"<p>Brigitte Kiesel pr\u00e9sente dans une interview les d\u00e9buts de l&rsquo;\u00e9change entre les \u00e9quipes de football. \u00ab Les premi\u00e8res visites sont tr\u00e8s importantes afin de d\u00e9velopper plus tard le go\u00fbt du voyage et la curiosit\u00e9, et de ne pas parler en&#8230;<a class=\"more-link\" href=\"https:\/\/zeitzeugen-ludwigsburg-montbeliard.de\/fr\/gemeinsame-tagungen\/\">Mehr erfahren<\/a><\/p>\n","protected":false},"author":4,"featured_media":1785,"comment_status":"open","ping_status":"open","sticky":false,"template":"","format":"standard","meta":[],"categories":[4],"tags":[],"_links":{"self":[{"href":"https:\/\/zeitzeugen-ludwigsburg-montbeliard.de\/fr\/wp-json\/wp\/v2\/posts\/1362"}],"collection":[{"href":"https:\/\/zeitzeugen-ludwigsburg-montbeliard.de\/fr\/wp-json\/wp\/v2\/posts"}],"about":[{"href":"https:\/\/zeitzeugen-ludwigsburg-montbeliard.de\/fr\/wp-json\/wp\/v2\/types\/post"}],"author":[{"embeddable":true,"href":"https:\/\/zeitzeugen-ludwigsburg-montbeliard.de\/fr\/wp-json\/wp\/v2\/users\/4"}],"replies":[{"embeddable":true,"href":"https:\/\/zeitzeugen-ludwigsburg-montbeliard.de\/fr\/wp-json\/wp\/v2\/comments?post=1362"}],"version-history":[{"count":32,"href":"https:\/\/zeitzeugen-ludwigsburg-montbeliard.de\/fr\/wp-json\/wp\/v2\/posts\/1362\/revisions"}],"predecessor-version":[{"id":5392,"href":"https:\/\/zeitzeugen-ludwigsburg-montbeliard.de\/fr\/wp-json\/wp\/v2\/posts\/1362\/revisions\/5392"}],"wp:featuredmedia":[{"embeddable":true,"href":"https:\/\/zeitzeugen-ludwigsburg-montbeliard.de\/fr\/wp-json\/wp\/v2\/media\/1785"}],"wp:attachment":[{"href":"https:\/\/zeitzeugen-ludwigsburg-montbeliard.de\/fr\/wp-json\/wp\/v2\/media?parent=1362"}],"wp:term":[{"taxonomy":"category","embeddable":true,"href":"https:\/\/zeitzeugen-ludwigsburg-montbeliard.de\/fr\/wp-json\/wp\/v2\/categories?post=1362"},{"taxonomy":"post_tag","embeddable":true,"href":"https:\/\/zeitzeugen-ludwigsburg-montbeliard.de\/fr\/wp-json\/wp\/v2\/tags?post=1362"}],"curies":[{"name":"wp","href":"https:\/\/api.w.org\/{rel}","templated":true}]}}