{"id":1214,"date":"2014-12-14T10:56:34","date_gmt":"2014-12-14T08:56:34","guid":{"rendered":"http:\/\/zeitzeugen-ludwigsburg-montbeliard.de\/?p=1214"},"modified":"2015-08-24T20:34:15","modified_gmt":"2015-08-24T18:34:15","slug":"montbeliard-feiert-mit-ludwigsburg","status":"publish","type":"post","link":"https:\/\/zeitzeugen-ludwigsburg-montbeliard.de\/fr\/montbeliard-feiert-mit-ludwigsburg\/","title":{"rendered":"Montb\u00e9liard fait la f\u00eate avec Ludwigsburg"},"content":{"rendered":"<p>Le 50\u00e8me anniversaire du premier jumelage franco-allemand apr\u00e8s la Seconde Guerre mondiale a \u00e9t\u00e9 aussi c\u00e9l\u00e9br\u00e9 en France comme il se doit. Les festivit\u00e9s \u00e0 Montb\u00e9liard, auxquelles ont aussi particip\u00e9 des invit\u00e9s venus de Ludwigsburg, ont dur\u00e9 trois jours.<\/p>\n<p>_____<\/p>\n<p>Document vers le contenu : <a href=\"http:\/\/ludwigsburg-montbeliard.bsz-bw.de\/jspview\/archive\/frei\/dfi-333\/0\/m.%20feiert%20mit%20l..html\" target=\"_blank\">Montb\u00e9liard feiert mit Ludwigsburg<\/a>.\u00a0&#8211; Article de journal, Ludwigsburger Kreiszeitung, S.3, 19.06.2000. &#8211; Provenance : Institut Franco-Allemand, Pressearchiv.<\/p>","protected":false},"excerpt":{"rendered":"<p>Le 50\u00e8me anniversaire du premier jumelage franco-allemand apr\u00e8s la Seconde Guerre mondiale a \u00e9t\u00e9 aussi c\u00e9l\u00e9br\u00e9 en France comme il se doit. Les festivit\u00e9s \u00e0 Montb\u00e9liard, auxquelles ont aussi particip\u00e9 des invit\u00e9s venus de Ludwigsburg, ont dur\u00e9 trois jours. _____&#8230;<a class=\"more-link\" href=\"https:\/\/zeitzeugen-ludwigsburg-montbeliard.de\/fr\/montbeliard-feiert-mit-ludwigsburg\/\">Mehr erfahren<\/a><\/p>\n","protected":false},"author":3,"featured_media":1215,"comment_status":"open","ping_status":"open","sticky":false,"template":"","format":"standard","meta":[],"categories":[16],"tags":[],"_links":{"self":[{"href":"https:\/\/zeitzeugen-ludwigsburg-montbeliard.de\/fr\/wp-json\/wp\/v2\/posts\/1214"}],"collection":[{"href":"https:\/\/zeitzeugen-ludwigsburg-montbeliard.de\/fr\/wp-json\/wp\/v2\/posts"}],"about":[{"href":"https:\/\/zeitzeugen-ludwigsburg-montbeliard.de\/fr\/wp-json\/wp\/v2\/types\/post"}],"author":[{"embeddable":true,"href":"https:\/\/zeitzeugen-ludwigsburg-montbeliard.de\/fr\/wp-json\/wp\/v2\/users\/3"}],"replies":[{"embeddable":true,"href":"https:\/\/zeitzeugen-ludwigsburg-montbeliard.de\/fr\/wp-json\/wp\/v2\/comments?post=1214"}],"version-history":[{"count":19,"href":"https:\/\/zeitzeugen-ludwigsburg-montbeliard.de\/fr\/wp-json\/wp\/v2\/posts\/1214\/revisions"}],"predecessor-version":[{"id":5092,"href":"https:\/\/zeitzeugen-ludwigsburg-montbeliard.de\/fr\/wp-json\/wp\/v2\/posts\/1214\/revisions\/5092"}],"wp:featuredmedia":[{"embeddable":true,"href":"https:\/\/zeitzeugen-ludwigsburg-montbeliard.de\/fr\/wp-json\/wp\/v2\/media\/1215"}],"wp:attachment":[{"href":"https:\/\/zeitzeugen-ludwigsburg-montbeliard.de\/fr\/wp-json\/wp\/v2\/media?parent=1214"}],"wp:term":[{"taxonomy":"category","embeddable":true,"href":"https:\/\/zeitzeugen-ludwigsburg-montbeliard.de\/fr\/wp-json\/wp\/v2\/categories?post=1214"},{"taxonomy":"post_tag","embeddable":true,"href":"https:\/\/zeitzeugen-ludwigsburg-montbeliard.de\/fr\/wp-json\/wp\/v2\/tags?post=1214"}],"curies":[{"name":"wp","href":"https:\/\/api.w.org\/{rel}","templated":true}]}}