{"id":1,"count":10,"description":"[:de]Die meisten Zeitzeugen, die im Rahmen des Projekts befragt wurden, haben gegen Ende der Gespr\u00e4che ihre T\u00e4tigkeit f\u00fcr die Partnerschaft im R\u00fcckblick bewertet und daraus ein Fazit gezogen. Einige haben sich auch \u00fcber die Zukunftsaussichten der deutsch-franz\u00f6sischen St\u00e4dtepartnerschaften ge\u00e4u\u00dfert. Manche franz\u00f6sische Gespr\u00e4chspartner haben au\u00dferdem ihre Sichtweise auf die Partnerstadt und ihre Ansichten \u00fcber Deutschland ganz allgemein erl\u00e4utert.[:fr]La plupart des t\u00e9moins interrog\u00e9s dans le cadre du projet ont tir\u00e9 \u00e0 la fin de l\u2019entretien un bilan r\u00e9trospectif de leur activit\u00e9 au sein du jumelage. Certains se sont aussi exprim\u00e9s sur les perspectives futures des jumelages franco-allemands. Quelques interlocuteurs fran\u00e7ais ont \u00e9galement pr\u00e9sent\u00e9 leur point de vue sur le jumelage et plus g\u00e9n\u00e9ralement sur l\u2019Allemagne. [:]","link":"https:\/\/zeitzeugen-ludwigsburg-montbeliard.de\/fr\/category\/allgemein\/","name":"Bilan et perspectives futures","slug":"allgemein","taxonomy":"category","parent":0,"meta":[],"_links":{"self":[{"href":"https:\/\/zeitzeugen-ludwigsburg-montbeliard.de\/fr\/wp-json\/wp\/v2\/categories\/1"}],"collection":[{"href":"https:\/\/zeitzeugen-ludwigsburg-montbeliard.de\/fr\/wp-json\/wp\/v2\/categories"}],"about":[{"href":"https:\/\/zeitzeugen-ludwigsburg-montbeliard.de\/fr\/wp-json\/wp\/v2\/taxonomies\/category"}],"wp:post_type":[{"href":"https:\/\/zeitzeugen-ludwigsburg-montbeliard.de\/fr\/wp-json\/wp\/v2\/posts?categories=1"}],"curies":[{"name":"wp","href":"https:\/\/api.w.org\/{rel}","templated":true}]}}